{"id":2341,"date":"2019-01-25T11:35:46","date_gmt":"2019-01-25T14:35:46","guid":{"rendered":"http:\/\/wp.funceme.br\/?p=2341"},"modified":"2019-02-15T07:50:55","modified_gmt":"2019-02-15T10:50:55","slug":"no-ceara-fim-de-semana-tera-chuvas-passageiras-e-ceu-predominantemente-entre-claro-e-parcialmente-nublado","status":"publish","type":"post","link":"http:\/\/www.funceme.br\/?p=2341","title":{"rendered":"No Cear\u00e1, fim de semana ter\u00e1 chuvas passageiras e c\u00e9u predominantemente entre claro e parcialmente nublado"},"content":{"rendered":"<div id=\"attachment_2342\" style=\"width: 778px\" class=\"wp-caption aligncenter\"><a href=\"http:\/\/wp.funceme.br\/wp-content\/uploads\/2019\/01\/Praia-do-Jap\u00e3o-Aquiraz.jpg\"><img aria-describedby=\"caption-attachment-2342\" decoding=\"async\" loading=\"lazy\" class=\"wp-image-2342\" src=\"http:\/\/wp.funceme.br\/wp-content\/uploads\/2019\/01\/Praia-do-Jap\u00e3o-Aquiraz.jpg\" alt=\"Ap\u00f3s um in\u00edcio de m\u00eas chuvoso, a redu\u00e7\u00e3o das chuvas tem se dado, principalmente, pela atua\u00e7\u00e3o da Oscila\u00e7\u00e3o 30-60 dias (Foto: Marciel Bezerra)\" width=\"768\" height=\"576\" srcset=\"http:\/\/www.funceme.br\/wp-content\/uploads\/2019\/01\/Praia-do-Jap\u00e3o-Aquiraz.jpg 960w, http:\/\/www.funceme.br\/wp-content\/uploads\/2019\/01\/Praia-do-Jap\u00e3o-Aquiraz-600x450.jpg 600w, http:\/\/www.funceme.br\/wp-content\/uploads\/2019\/01\/Praia-do-Jap\u00e3o-Aquiraz-768x576.jpg 768w\" sizes=\"(max-width: 768px) 100vw, 768px\" \/><\/a><p id=\"caption-attachment-2342\" class=\"wp-caption-text\">Ap\u00f3s um in\u00edcio de m\u00eas chuvoso, a redu\u00e7\u00e3o das chuvas tem se dado, principalmente, pela atua\u00e7\u00e3o da Oscila\u00e7\u00e3o 30-60 dias (Foto: Marciel Bezerra)<\/p><\/div>\n<p>O \u00faltimo fim de semana do m\u00eas de janeiro no Cear\u00e1 inicia-se com previs\u00e3o de chuvas passageiras e predomin\u00e2ncia de c\u00e9u entre parcialmente nublado e claro em maior parte do Estado, segundo a Funda\u00e7\u00e3o Cearense de Meteorologia e Recursos H\u00eddricos (Funceme).<\/p>\n<p>Com poucas nuvens sobre o territ\u00f3rio do Estado nesta sexta-feira (25), a Funceme indica nebulosidade vari\u00e1vel com chuvas isoladas na faixa litor\u00e2nea, na Ibiapaba, no Cariri, no Sert\u00e3o Central e Inhamuns, com possibilidade nas demais.<\/p>\n<p>Para o s\u00e1bado o cen\u00e1rio \u00e9 semelhante. J\u00e1 para o domingo, os resultados de modelos e an\u00e1lise das condi\u00e7\u00f5es atuais indicam apenas precipita\u00e7\u00f5es isoladas no litoral, na macrorregi\u00e3o do Cariri e c\u00e9u parcialmente nublado nas outras \u00e1reas do Estado.<\/p>\n<p><strong>Redu\u00e7\u00e3o das chuvas<\/strong><\/p>\n<p>Ap\u00f3s um in\u00edcio de m\u00eas chuvoso, a redu\u00e7\u00e3o das chuvas tem se dado, principalmente, pela atua\u00e7\u00e3o da Oscila\u00e7\u00e3o 30-60 dias, que se apresenta como um dist\u00farbio atmosf\u00e9rico se deslocando de oeste para leste, na regi\u00e3o tropical e em torno do globo, num per\u00edodo entre 30 e 60 dias. Esta oscila\u00e7\u00e3o tem uma fase convectiva (com chuvas), e outra de supress\u00e3o de precipita\u00e7\u00e3o.<\/p>\n<p>\u201cEle \u00e9 um sistema intrasazonal que, mesmo durante a esta\u00e7\u00e3o chuvosa, pode interferir de forma negativa, impedindo a forma\u00e7\u00e3o de chuvas mais intensas\u201d, explica o meteorologista da Funceme, Raul Fritz.<\/p>\n<p><strong>Balan\u00e7o<\/strong><\/p>\n<p>Na manh\u00e3 de hoje, a chuva passageira registrada em Fortaleza esteve associada \u00e0 atua\u00e7\u00e3o de uma brisa terrestre que, em suma, pode ser entendida como a dispers\u00e3o de ventos em dire\u00e7\u00e3o ao mar quando este encontra-se com uma \u00e1rea de baixa press\u00e3o.<\/p>\n<p>No intervalo entre as 7h desta quinta (24) e as 7h de hoje, balan\u00e7o parcial indica precipita\u00e7\u00f5es em cerca de 20 munic\u00edpios, sendo os maiores acumulados em General Sampaio (31 mm) e Jaguaruana (20,4 mm).<\/p>\n","protected":false},"excerpt":{"rendered":"<p>O \u00faltimo fim de semana do m\u00eas de janeiro no Cear\u00e1 inicia-se com previs\u00e3o de chuvas passageiras e predomin\u00e2ncia de c\u00e9u entre parcialmente nublado e claro em maior parte do Estado, segundo a Funda\u00e7\u00e3o Cearense de Meteorologia e Recursos H\u00eddricos (Funceme). Com poucas nuvens sobre o territ\u00f3rio do Estado nesta sexta-feira (25), a Funceme indica [&hellip;]<\/p>\n","protected":false},"author":4,"featured_media":2342,"comment_status":"closed","ping_status":"open","sticky":false,"template":"","format":"standard","meta":[],"categories":[81,15],"tags":[57,136,137,101],"acf":[],"_links":{"self":[{"href":"http:\/\/www.funceme.br\/index.php?rest_route=\/wp\/v2\/posts\/2341"}],"collection":[{"href":"http:\/\/www.funceme.br\/index.php?rest_route=\/wp\/v2\/posts"}],"about":[{"href":"http:\/\/www.funceme.br\/index.php?rest_route=\/wp\/v2\/types\/post"}],"author":[{"embeddable":true,"href":"http:\/\/www.funceme.br\/index.php?rest_route=\/wp\/v2\/users\/4"}],"replies":[{"embeddable":true,"href":"http:\/\/www.funceme.br\/index.php?rest_route=%2Fwp%2Fv2%2Fcomments&post=2341"}],"version-history":[{"count":1,"href":"http:\/\/www.funceme.br\/index.php?rest_route=\/wp\/v2\/posts\/2341\/revisions"}],"predecessor-version":[{"id":2343,"href":"http:\/\/www.funceme.br\/index.php?rest_route=\/wp\/v2\/posts\/2341\/revisions\/2343"}],"wp:featuredmedia":[{"embeddable":true,"href":"http:\/\/www.funceme.br\/index.php?rest_route=\/wp\/v2\/media\/2342"}],"wp:attachment":[{"href":"http:\/\/www.funceme.br\/index.php?rest_route=%2Fwp%2Fv2%2Fmedia&parent=2341"}],"wp:term":[{"taxonomy":"category","embeddable":true,"href":"http:\/\/www.funceme.br\/index.php?rest_route=%2Fwp%2Fv2%2Fcategories&post=2341"},{"taxonomy":"post_tag","embeddable":true,"href":"http:\/\/www.funceme.br\/index.php?rest_route=%2Fwp%2Fv2%2Ftags&post=2341"}],"curies":[{"name":"wp","href":"https:\/\/api.w.org\/{rel}","templated":true}]}}