{"id":2356,"date":"2019-01-19T09:10:54","date_gmt":"2019-01-19T12:10:54","guid":{"rendered":"http:\/\/wp.funceme.br\/?p=2356"},"modified":"2019-05-07T08:11:03","modified_gmt":"2019-05-07T11:11:03","slug":"fortaleza-registra-sua-maior-chuva-na-pre-estacao","status":"publish","type":"post","link":"http:\/\/www.funceme.br\/?p=2356","title":{"rendered":"Fortaleza registra sua maior chuva na Pr\u00e9-Esta\u00e7\u00e3o"},"content":{"rendered":"<div id=\"attachment_2357\" style=\"width: 778px\" class=\"wp-caption aligncenter\"><a href=\"http:\/\/wp.funceme.br\/wp-content\/uploads\/2019\/01\/Fortaleza_Chuva_190119.jpeg\"><img aria-describedby=\"caption-attachment-2357\" decoding=\"async\" loading=\"lazy\" class=\"wp-image-2357\" src=\"http:\/\/wp.funceme.br\/wp-content\/uploads\/2019\/01\/Fortaleza_Chuva_190119.jpeg\" alt=\"A Capital recebe chuvas desde a madrugada deste s\u00e1bado (Foto: Marciel Bezerra)\" width=\"768\" height=\"432\" srcset=\"http:\/\/www.funceme.br\/wp-content\/uploads\/2019\/01\/Fortaleza_Chuva_190119.jpeg 1280w, http:\/\/www.funceme.br\/wp-content\/uploads\/2019\/01\/Fortaleza_Chuva_190119-600x338.jpeg 600w, http:\/\/www.funceme.br\/wp-content\/uploads\/2019\/01\/Fortaleza_Chuva_190119-768x432.jpeg 768w, http:\/\/www.funceme.br\/wp-content\/uploads\/2019\/01\/Fortaleza_Chuva_190119-1200x675.jpeg 1200w\" sizes=\"(max-width: 768px) 100vw, 768px\" \/><\/a><p id=\"caption-attachment-2357\" class=\"wp-caption-text\">A Capital recebe chuvas desde a madrugada deste s\u00e1bado (Foto: Marciel Bezerra)<\/p><\/div>\n<p dir=\"ltr\">Fortaleza registrou, no intervalo entre as 7h desta sexta-feira (18) e as 7h deste s\u00e1bado (19), sua maior chuva desde o in\u00edcio da Pr\u00e9-Esta\u00e7\u00e3o, em dezembro de 2018. O acumulado no intervalo de 24 horas foi de\u00a0<strong>105 mil\u00edmetros<\/strong>.<\/p>\n<p>&nbsp;<\/p>\n<p dir=\"ltr\">At\u00e9 hoje, a maior precipita\u00e7\u00e3o havia sido registrada no dia 23 do m\u00eas passado, quando a Funda\u00e7\u00e3o Cearense de Meteorologia e Recursos H\u00eddricos (Funceme) registrou 89 mm.<\/p>\n<p>&nbsp;<\/p>\n<p dir=\"ltr\">Al\u00e9m da maior chuva deste per\u00edodo que\u00a0<strong>antecede a Esta\u00e7\u00e3o Chuvosa<\/strong>, o acumulado tamb\u00e9m \u00e9, at\u00e9 este momento, o maior do Estado entre ontem e hoje, seguido de Senador S\u00e1 (104 mm), Amontada (96 mm) e Umari (83 mm). Os dados, que ainda s\u00e3o parciais, apontam, registros em\u00a0<strong>mais de 80 munic\u00edpios<\/strong>.<\/p>\n<p>&nbsp;<\/p>\n<p dir=\"ltr\">As chuvas mais intensas para este fim de semana j\u00e1 haviam sido indicadas na previs\u00e3o realizada pela Funceme nesta sexta. A rede de radares mostra, inclusive, chuvas em todo a faixa litor\u00e2nea, desde cedo. A nebulosidade no litoral est\u00e1 associada, principalmente, \u00e0 proximidade da\u00a0<strong>Zona de Converg\u00eancia Intertropical (ZCIT)<\/strong>\u00a0costa norte do Nordeste.<\/p>\n<p>&nbsp;<\/p>\n<p dir=\"ltr\">Para hoje, o Cear\u00e1 ter\u00e1 c\u00e9u nublado com\u00a0<strong>eventos de chuva no Litoral e na Ibiapaba<\/strong>\u00a0ao longo do dia. Nas demais regi\u00f5es,nebulosidade vari\u00e1vel com eventos de chuva. Para o domingo (20), nebulosidade vari\u00e1vel com eventos de chuva em todas as regi\u00f5es.<\/p>\n","protected":false},"excerpt":{"rendered":"<p>Fortaleza registrou, no intervalo entre as 7h desta sexta-feira (18) e as 7h deste s\u00e1bado (19), sua maior chuva desde o in\u00edcio da Pr\u00e9-Esta\u00e7\u00e3o, em dezembro de 2018. O acumulado no intervalo de 24 horas foi de\u00a0105 mil\u00edmetros. &nbsp; At\u00e9 hoje, a maior precipita\u00e7\u00e3o havia sido registrada no dia 23 do m\u00eas passado, quando a [&hellip;]<\/p>\n","protected":false},"author":4,"featured_media":2357,"comment_status":"closed","ping_status":"open","sticky":false,"template":"","format":"standard","meta":[],"categories":[81,15],"tags":[47,49,136,137],"acf":[],"_links":{"self":[{"href":"http:\/\/www.funceme.br\/index.php?rest_route=\/wp\/v2\/posts\/2356"}],"collection":[{"href":"http:\/\/www.funceme.br\/index.php?rest_route=\/wp\/v2\/posts"}],"about":[{"href":"http:\/\/www.funceme.br\/index.php?rest_route=\/wp\/v2\/types\/post"}],"author":[{"embeddable":true,"href":"http:\/\/www.funceme.br\/index.php?rest_route=\/wp\/v2\/users\/4"}],"replies":[{"embeddable":true,"href":"http:\/\/www.funceme.br\/index.php?rest_route=%2Fwp%2Fv2%2Fcomments&post=2356"}],"version-history":[{"count":1,"href":"http:\/\/www.funceme.br\/index.php?rest_route=\/wp\/v2\/posts\/2356\/revisions"}],"predecessor-version":[{"id":2358,"href":"http:\/\/www.funceme.br\/index.php?rest_route=\/wp\/v2\/posts\/2356\/revisions\/2358"}],"wp:featuredmedia":[{"embeddable":true,"href":"http:\/\/www.funceme.br\/index.php?rest_route=\/wp\/v2\/media\/2357"}],"wp:attachment":[{"href":"http:\/\/www.funceme.br\/index.php?rest_route=%2Fwp%2Fv2%2Fmedia&parent=2356"}],"wp:term":[{"taxonomy":"category","embeddable":true,"href":"http:\/\/www.funceme.br\/index.php?rest_route=%2Fwp%2Fv2%2Fcategories&post=2356"},{"taxonomy":"post_tag","embeddable":true,"href":"http:\/\/www.funceme.br\/index.php?rest_route=%2Fwp%2Fv2%2Ftags&post=2356"}],"curies":[{"name":"wp","href":"https:\/\/api.w.org\/{rel}","templated":true}]}}