{"id":3556,"date":"2019-02-27T11:19:38","date_gmt":"2019-02-27T14:19:38","guid":{"rendered":"http:\/\/www.funceme.br\/?p=3556"},"modified":"2019-02-28T15:27:49","modified_gmt":"2019-02-28T18:27:49","slug":"previsao-indica-predominio-de-nebulosidade-variavel-com-eventos-de-chuva-no-centro-norte-do-ceara","status":"publish","type":"post","link":"http:\/\/www.funceme.br\/?p=3556","title":{"rendered":"Previs\u00e3o indica predom\u00ednio de nebulosidade vari\u00e1vel com eventos de chuva no centro-norte"},"content":{"rendered":"<p>&nbsp;<\/p>\n<p>A previs\u00e3o do tempo atualizada pela Funda\u00e7\u00e3o Cearense de Meteorologia e Recursos H\u00eddricos (Funceme) para hoje e esta quinta-feira (28) \u00e9 de nebulosidade vari\u00e1vel com eventos de chuva nas regi\u00f5es localizadas na por\u00e7\u00e3o centro-norte do Estado. Nas demais \u00e1reas, os meteorologistas apontam cen\u00e1rio de possibilidade de precipita\u00e7\u00f5es.<\/p>\n<p>Neste momento, por meio da an\u00e1lise de imagens de sat\u00e9lite, observam-se nuvens sobre o territ\u00f3rio do Cear\u00e1, principalmente pr\u00f3ximo ao litoral. Elas est\u00e3o associadas \u00e0 atua\u00e7\u00e3o da da Zona de Converg\u00eancia Intertropical (ZCIT), que \u00e9 o principal sistema meteorol\u00f3gico indutor de precipita\u00e7\u00f5es durante a Quadra Chuvosa. J\u00e1 no sudeste da regi\u00e3o Nordeste, um V\u00f3rtice Cicl\u00f4nico de Altos N\u00edveis (VCAN) tem posicionamento n\u00e3o t\u00e3o favor\u00e1vel para chuvas, principalmente no centro-sul do Estado<\/p>\n<p>Durante a manh\u00e3 desta quarta, as precipita\u00e7\u00f5es registradas na faixa litor\u00e2nea, incluindo Fortaleza, foram provocadas por conta da ZCIT. Na Capital, o maior acumulado das \u00faltimas 6 horas foi de apenas <strong>15,2 mil\u00edmetros<\/strong>, segundo informa\u00e7\u00f5es da Plataforma de Coleta de Dados (PCD), localizada no bairro Aldeota.<\/p>\n<p><strong>Ventos fortes<\/strong><\/p>\n<div id=\"attachment_3557\" style=\"width: 778px\" class=\"wp-caption aligncenter\"><a href=\"http:\/\/www.funceme.br\/wp-content\/uploads\/2019\/02\/WhatsApp-Image-2019-02-27-at-08.14.56-e1551277117620.jpeg\"><img aria-describedby=\"caption-attachment-3557\" decoding=\"async\" loading=\"lazy\" class=\"wp-image-3557 size-full\" src=\"http:\/\/www.funceme.br\/wp-content\/uploads\/2019\/02\/WhatsApp-Image-2019-02-27-at-08.14.56-e1551277207169.jpeg\" alt=\"Conforme havia sido previsto, Fortaleza estava suscept\u00edvel a eventos de chuvas nesta manh\u00e3 (Foto: Leandro Castro)\" width=\"768\" height=\"819\" srcset=\"http:\/\/www.funceme.br\/wp-content\/uploads\/2019\/02\/WhatsApp-Image-2019-02-27-at-08.14.56-e1551277207169.jpeg 768w, http:\/\/www.funceme.br\/wp-content\/uploads\/2019\/02\/WhatsApp-Image-2019-02-27-at-08.14.56-e1551277207169-600x640.jpeg 600w\" sizes=\"(max-width: 768px) 100vw, 768px\" \/><\/a><p id=\"caption-attachment-3557\" class=\"wp-caption-text\"><span style=\"color: #6b6b6b;\"><em>Conforme havia sido previsto, Fortaleza estava suscept\u00edvel a eventos de chuvas nesta manh\u00e3 (Foto: Leandro Castro)<\/em><\/span><\/p><\/div>\n<p>As chuvas na Capital vieram acompanhadas de uma rajada de vento que chegou a <strong>39,2 km\/h<\/strong>. De acordo com o meteorologista da Funceme Raul Fritz, esses ventos costumam ser formados por ar um pouco mais frio do que ar junto \u00e0 superf\u00edcie.<\/p>\n<p>\u201cA chegada das nuvens de chuva pode ser precedida de ventos mais intensos, que tem uma dura\u00e7\u00e3o relativamente curta, que descem das bases das nuvens de chuva at\u00e9 a superf\u00edcie. Da\u00ed se v\u00ea essas rajadas, provenientes das nuvens, soprando \u00e0 superf\u00edcie com as primeiras chuvas\u201d, explica o pesquisador.<\/p>\n","protected":false},"excerpt":{"rendered":"<p>&nbsp; A previs\u00e3o do tempo atualizada pela Funda\u00e7\u00e3o Cearense de Meteorologia e Recursos H\u00eddricos (Funceme) para hoje e esta quinta-feira (28) \u00e9 de nebulosidade vari\u00e1vel com eventos de chuva nas regi\u00f5es localizadas na por\u00e7\u00e3o centro-norte do Estado. Nas demais \u00e1reas, os meteorologistas apontam cen\u00e1rio de possibilidade de precipita\u00e7\u00f5es. Neste momento, por meio da an\u00e1lise de [&hellip;]<\/p>\n","protected":false},"author":4,"featured_media":3565,"comment_status":"closed","ping_status":"open","sticky":false,"template":"","format":"standard","meta":[],"categories":[81,15],"tags":[47,167,82],"acf":[],"_links":{"self":[{"href":"http:\/\/www.funceme.br\/index.php?rest_route=\/wp\/v2\/posts\/3556"}],"collection":[{"href":"http:\/\/www.funceme.br\/index.php?rest_route=\/wp\/v2\/posts"}],"about":[{"href":"http:\/\/www.funceme.br\/index.php?rest_route=\/wp\/v2\/types\/post"}],"author":[{"embeddable":true,"href":"http:\/\/www.funceme.br\/index.php?rest_route=\/wp\/v2\/users\/4"}],"replies":[{"embeddable":true,"href":"http:\/\/www.funceme.br\/index.php?rest_route=%2Fwp%2Fv2%2Fcomments&post=3556"}],"version-history":[{"count":5,"href":"http:\/\/www.funceme.br\/index.php?rest_route=\/wp\/v2\/posts\/3556\/revisions"}],"predecessor-version":[{"id":3562,"href":"http:\/\/www.funceme.br\/index.php?rest_route=\/wp\/v2\/posts\/3556\/revisions\/3562"}],"wp:featuredmedia":[{"embeddable":true,"href":"http:\/\/www.funceme.br\/index.php?rest_route=\/wp\/v2\/media\/3565"}],"wp:attachment":[{"href":"http:\/\/www.funceme.br\/index.php?rest_route=%2Fwp%2Fv2%2Fmedia&parent=3556"}],"wp:term":[{"taxonomy":"category","embeddable":true,"href":"http:\/\/www.funceme.br\/index.php?rest_route=%2Fwp%2Fv2%2Fcategories&post=3556"},{"taxonomy":"post_tag","embeddable":true,"href":"http:\/\/www.funceme.br\/index.php?rest_route=%2Fwp%2Fv2%2Ftags&post=3556"}],"curies":[{"name":"wp","href":"https:\/\/api.w.org\/{rel}","templated":true}]}}