{"id":3856,"date":"2019-03-18T11:49:35","date_gmt":"2019-03-18T14:49:35","guid":{"rendered":"http:\/\/www.funceme.br\/?p=3856"},"modified":"2019-03-18T11:50:52","modified_gmt":"2019-03-18T14:50:52","slug":"semana-comeca-com-cenario-propicio-a-chuvas-em-todas-as-regioes-do-ceara","status":"publish","type":"post","link":"http:\/\/www.funceme.br\/?p=3856","title":{"rendered":"Semana come\u00e7a com cen\u00e1rio prop\u00edcio a chuvas em todas as regi\u00f5es do Cear\u00e1"},"content":{"rendered":"<div id=\"attachment_3857\" style=\"width: 778px\" class=\"wp-caption aligncenter\"><a href=\"http:\/\/www.funceme.br\/wp-content\/uploads\/2019\/03\/WhatsApp-Image-2019-03-14-at-20.25.00.jpeg\"><img aria-describedby=\"caption-attachment-3857\" decoding=\"async\" loading=\"lazy\" class=\"wp-image-3857\" src=\"http:\/\/www.funceme.br\/wp-content\/uploads\/2019\/03\/WhatsApp-Image-2019-03-14-at-20.25.00.jpeg\" alt=\"Proximidade da Zona de Converg\u1ebdncia Intertropical (ZCIT) dever\u00e1 proporcioanr chuvas em todas as regi\u00f5es (FOTO: Marciel Bezerra)\" width=\"768\" height=\"576\" srcset=\"http:\/\/www.funceme.br\/wp-content\/uploads\/2019\/03\/WhatsApp-Image-2019-03-14-at-20.25.00.jpeg 1280w, http:\/\/www.funceme.br\/wp-content\/uploads\/2019\/03\/WhatsApp-Image-2019-03-14-at-20.25.00-600x450.jpeg 600w, http:\/\/www.funceme.br\/wp-content\/uploads\/2019\/03\/WhatsApp-Image-2019-03-14-at-20.25.00-768x576.jpeg 768w, http:\/\/www.funceme.br\/wp-content\/uploads\/2019\/03\/WhatsApp-Image-2019-03-14-at-20.25.00-1200x900.jpeg 1200w\" sizes=\"(max-width: 768px) 100vw, 768px\" \/><\/a><p id=\"caption-attachment-3857\" class=\"wp-caption-text\">Proximidade da Zona de Converg\u1ebdncia Intertropical (ZCIT) dever\u00e1 proporcioanr chuvas em todas as regi\u00f5es (FOTO: Marciel Bezerra)<\/p><\/div>\n<p style=\"text-align: justify;\">A semana come\u00e7a com cen\u00e1rio favor\u00e1vel a precipita\u00e7\u00f5es em todas regi\u00f5es do Cear\u00e1. Conforme a previs\u00e3o do tempo realizada na manh\u00e3 desta segunda-feira (18), para hoje, o Estado ter\u00e1 c\u00e9u nublado com eventos de chuva na faixa litor\u00e2nea, regi\u00e3o Jaguaribana e na Ibiapaba. J\u00e1 nas demais regi\u00f5es, as precipita\u00e7\u00f5es ser\u00e3o mais isoladas.<\/p>\n<p style=\"text-align: justify;\">Neste momento, os meteorologistas observam, por meio de imagem de sat\u00e9lite, nuvens sobre o territ\u00f3rio do Cear\u00e1 e tamb\u00e9m a leste da regi\u00e3o Nordeste. J\u00e1 por meio da rede de radares mantida pela Funceme \u00e9 poss\u00edvel observar chuvas em Fortaleza, na Regi\u00e3o Metropolitana e ainda em \u00e1reas do Maci\u00e7o de Baturit\u00e9.<\/p>\n<p style=\"text-align: justify;\">Para esta ter\u00e7a-feira (19), em que o Cear\u00e1 celebra do Dia de S\u00e3o Jos\u00e9, a previs\u00e3o \u00e9 de c\u00e9u nublado com eventos de chuva em todas as macrorregi\u00f5es.<\/p>\n<p style=\"text-align: justify;\">\u201cApesar do cen\u00e1rio prop\u00edcio para chuvas em todas as regi\u00f5es Estado, a previs\u00e3o n\u00e3o indica que chover\u00e1 em todos os munic\u00edpios. Por\u00e9m, de maneira geral, chuvas expressivas devem ocorrer entre hoje e amanh\u00e3\u201d, refor\u00e7a o meteorologista da Funceme Raul Fritz.<\/p>\n<p style=\"text-align: justify;\">FIQUE ESPERTO! A previs\u00e3o do tempo indicada nesta manh\u00e3 para hoje e os pr\u00f3ximos dias pode sofrer altera\u00e7\u00f5es, assim, <strong>\u00e9 importante realizar o acompanhamento das atualiza\u00e7\u00f5es<\/strong> realizadas pelos meteorologistas. Para tomar conhecimento, basta acessar o site da Funceme ou ainda baixar o aplicativo Funceme Tempo.<\/p>\n<p style=\"text-align: justify;\"><strong>Dia de S\u00e3o Jos\u00e9<\/strong><\/p>\n<p style=\"text-align: justify;\">Mais do que nos outros dias do ano, \u00e9 no 19 de mar\u00e7o que os agricultores cearenses olham para o c\u00e9u em busca de alguma esperan\u00e7a. Acredita-se que se chover no feriado, o restante da quadra chuvosa &#8211; que vai at\u00e9 maio &#8211; ser\u00e1 favor\u00e1vel ao Estado. Pelo contr\u00e1rio, a escassez ser\u00e1 instalada.<\/p>\n<p style=\"text-align: justify;\">Por\u00e9m, a cren\u00e7a sertaneja n\u00e3o tem fundamento cient\u00edfico. O que acontece \u00e9 que, nesta \u00e9poca, o Estado, assim como o hemisf\u00e9rio sul, sofre a mudan\u00e7a de esta\u00e7\u00e3o, isto \u00e9, sai do ver\u00e3o para o outono, caracterizando o <strong>equin\u00f3cio<\/strong>, que, neste ano, ser\u00e1 no dia 20.<\/p>\n<p style=\"text-align: justify;\">\u201cExiste a religiosidade que a gente respeita, com toda certeza. O dia 19 de mar\u00e7o \u00e9 pr\u00f3ximo ao equin\u00f3cio, que \u00e9 quando o sol, na sua \u00f3rbita aparente, passa a influenciar o hemisf\u00e9rio norte. Uma outra quest\u00e3o \u00e9 quanto ao posicionamento da Zona de Converg\u00eancia Intertropical (ZCIT). Se, at\u00e9 mar\u00e7o, que \u00e9 a metade da esta\u00e7\u00e3o chuvosa, ela n\u00e3o tiver contribu\u00eddo para chuvas no Nordeste, isso acaba frustrando a qualidade da quadra\u201d, comenta a respons\u00e1vel pela Ger\u00eancia de Estudos e Pesquisas em Meteorologia da Funceme, Meiry Sakamoto.<\/p>\n<p style=\"text-align: justify;\">Ao longo dos anos, essa falta de rela\u00e7\u00e3o foi observada nos n\u00fameros. \u201cO fato \u00e9 que se voc\u00ea observar os dados passados, das chuvas no dia 19 de mar\u00e7o, a gente ver que n\u00e3o existe uma rela\u00e7\u00e3o direta entre chover bem nesse dia e ter uma boa esta\u00e7\u00e3o chuvosa. Por exemplo, em 1974, teve registro de chuva em poucas localidades e, no entanto, a esta\u00e7\u00e3o chuvosa foi muito boa. Em 2009, tamb\u00e9m poucos postos (meteorol\u00f3gicos) informaram chuva e a esta\u00e7\u00e3o chuvosa foi muito boa. E, no sentido contr\u00e1rio, em 2012 e 2013, o registro de chuva no dia 19 foi muito bom, no entanto a quadra invernosa n\u00e3o foi muito boa\u201d, conclui.<\/p>\n","protected":false},"excerpt":{"rendered":"<p>A semana come\u00e7a com cen\u00e1rio favor\u00e1vel a precipita\u00e7\u00f5es em todas regi\u00f5es do Cear\u00e1. Conforme a previs\u00e3o do tempo realizada na manh\u00e3 desta segunda-feira (18), para hoje, o Estado ter\u00e1 c\u00e9u nublado com eventos de chuva na faixa litor\u00e2nea, regi\u00e3o Jaguaribana e na Ibiapaba. J\u00e1 nas demais regi\u00f5es, as precipita\u00e7\u00f5es ser\u00e3o mais isoladas. Neste momento, os [&hellip;]<\/p>\n","protected":false},"author":4,"featured_media":3857,"comment_status":"closed","ping_status":"open","sticky":false,"template":"","format":"standard","meta":[],"categories":[81,15],"tags":[47,200,199],"acf":[],"_links":{"self":[{"href":"http:\/\/www.funceme.br\/index.php?rest_route=\/wp\/v2\/posts\/3856"}],"collection":[{"href":"http:\/\/www.funceme.br\/index.php?rest_route=\/wp\/v2\/posts"}],"about":[{"href":"http:\/\/www.funceme.br\/index.php?rest_route=\/wp\/v2\/types\/post"}],"author":[{"embeddable":true,"href":"http:\/\/www.funceme.br\/index.php?rest_route=\/wp\/v2\/users\/4"}],"replies":[{"embeddable":true,"href":"http:\/\/www.funceme.br\/index.php?rest_route=%2Fwp%2Fv2%2Fcomments&post=3856"}],"version-history":[{"count":2,"href":"http:\/\/www.funceme.br\/index.php?rest_route=\/wp\/v2\/posts\/3856\/revisions"}],"predecessor-version":[{"id":3859,"href":"http:\/\/www.funceme.br\/index.php?rest_route=\/wp\/v2\/posts\/3856\/revisions\/3859"}],"wp:featuredmedia":[{"embeddable":true,"href":"http:\/\/www.funceme.br\/index.php?rest_route=\/wp\/v2\/media\/3857"}],"wp:attachment":[{"href":"http:\/\/www.funceme.br\/index.php?rest_route=%2Fwp%2Fv2%2Fmedia&parent=3856"}],"wp:term":[{"taxonomy":"category","embeddable":true,"href":"http:\/\/www.funceme.br\/index.php?rest_route=%2Fwp%2Fv2%2Fcategories&post=3856"},{"taxonomy":"post_tag","embeddable":true,"href":"http:\/\/www.funceme.br\/index.php?rest_route=%2Fwp%2Fv2%2Ftags&post=3856"}],"curies":[{"name":"wp","href":"https:\/\/api.w.org\/{rel}","templated":true}]}}