{"id":4028,"date":"2019-03-26T10:47:02","date_gmt":"2019-03-26T13:47:02","guid":{"rendered":"http:\/\/www.funceme.br\/?p=4028"},"modified":"2019-03-26T11:16:59","modified_gmt":"2019-03-26T14:16:59","slug":"vicosa-do-ceara-e-cedro-tem-maiores-chuvas-entre-segunda-25-e-terca-feira-26","status":"publish","type":"post","link":"http:\/\/www.funceme.br\/?p=4028","title":{"rendered":"Vi\u00e7osa do Cear\u00e1 e Cedro t\u00eam maiores chuvas entre segunda (25) e ter\u00e7a-feira (26)"},"content":{"rendered":"<p style=\"text-align: justify;\"><span style=\"font-weight: 400;\">Os munic\u00edpios de <strong>Vi\u00e7osa do Cear\u00e1<\/strong> e <strong>Cedro<\/strong> registraram, no intervalo entre as 7h desta segunda (25) e as 7h desta ter\u00e7a-feira (26), os maiores acumulados de chuva do estado, segundo balan\u00e7o ainda parcial da Funda\u00e7\u00e3o Cearense de Meteorologia e Recursos H\u00eddricos (Funceme).<\/span><\/p>\n<p style=\"text-align: justify;\"><span style=\"font-weight: 400;\">Com 47 mil\u00edmetros observados no posto pluviom\u00e9trico de Lambedouro, Vi\u00e7osa teve a maior chuva informada at\u00e9 o in\u00edcio desta manh\u00e3. Tal acumulado n\u00e3o foi t\u00e3o expressivo em rela\u00e7\u00e3o a outros j\u00e1 indicados neste ano, como o de 118 mil\u00edmetros registrado entre os dias 2 e 3 deste m\u00eas.<\/span><\/p>\n<p style=\"text-align: justify;\"><span style=\"font-weight: 400;\">J\u00e1 Cedro, localizado no Cariri, registrou 40 mil\u00edmetros. Localizado no extremo sul do Cear\u00e1, o munic\u00edpio, assim como sua pr\u00f3pria macrorregi\u00e3o n\u00e3o vem sendo beneficiado com precipita\u00e7\u00f5es intensas e constantes devido, principalmente, \u00e0 atua\u00e7\u00e3o da Zona de Converg\u00eancia Intertropical (ZCIT), que vem sendo mais favor\u00e1vel a precipita\u00e7\u00f5es no norte do estado. Apesar do observado do intervalo de 24 horas, entre o s\u00e1bado e domingo recentes, Cedro teve chuva de 115 mm, a maior deste munic\u00edpio em 2019.<\/span><\/p>\n<p style=\"text-align: justify;\"><span style=\"font-weight: 400;\">No balan\u00e7o parcial entre as manh\u00e3s de ontem e hoje, h\u00e1 registros de chuvas em, pelo menos, 50 munic\u00edpios. Os dados s\u00e3o parciais e ser\u00e3o atualizados ao longo do dia. Para acompanhar, basta acessar o endere\u00e7o <\/span><a href=\"http:\/\/www.funceme.br\/calendario\"><span style=\"font-weight: 400;\">www.funceme.br\/calendario<\/span><\/a><span style=\"font-weight: 400;\"> ou ainda baixar o aplicativo Calend\u00e1rio de Chuvas. <\/span><\/p>\n","protected":false},"excerpt":{"rendered":"<p>Os munic\u00edpios de Vi\u00e7osa do Cear\u00e1 e Cedro registraram, no intervalo entre as 7h desta segunda (25) e as 7h desta ter\u00e7a-feira (26), os maiores acumulados de chuva do estado, segundo balan\u00e7o ainda parcial da Funda\u00e7\u00e3o Cearense de Meteorologia e Recursos H\u00eddricos (Funceme). Com 47 mil\u00edmetros observados no posto pluviom\u00e9trico de Lambedouro, Vi\u00e7osa teve a [&hellip;]<\/p>\n","protected":false},"author":4,"featured_media":0,"comment_status":"closed","ping_status":"open","sticky":false,"template":"","format":"standard","meta":[],"categories":[81,15],"tags":[50,210,131],"acf":[],"_links":{"self":[{"href":"http:\/\/www.funceme.br\/index.php?rest_route=\/wp\/v2\/posts\/4028"}],"collection":[{"href":"http:\/\/www.funceme.br\/index.php?rest_route=\/wp\/v2\/posts"}],"about":[{"href":"http:\/\/www.funceme.br\/index.php?rest_route=\/wp\/v2\/types\/post"}],"author":[{"embeddable":true,"href":"http:\/\/www.funceme.br\/index.php?rest_route=\/wp\/v2\/users\/4"}],"replies":[{"embeddable":true,"href":"http:\/\/www.funceme.br\/index.php?rest_route=%2Fwp%2Fv2%2Fcomments&post=4028"}],"version-history":[{"count":1,"href":"http:\/\/www.funceme.br\/index.php?rest_route=\/wp\/v2\/posts\/4028\/revisions"}],"predecessor-version":[{"id":4029,"href":"http:\/\/www.funceme.br\/index.php?rest_route=\/wp\/v2\/posts\/4028\/revisions\/4029"}],"wp:attachment":[{"href":"http:\/\/www.funceme.br\/index.php?rest_route=%2Fwp%2Fv2%2Fmedia&parent=4028"}],"wp:term":[{"taxonomy":"category","embeddable":true,"href":"http:\/\/www.funceme.br\/index.php?rest_route=%2Fwp%2Fv2%2Fcategories&post=4028"},{"taxonomy":"post_tag","embeddable":true,"href":"http:\/\/www.funceme.br\/index.php?rest_route=%2Fwp%2Fv2%2Ftags&post=4028"}],"curies":[{"name":"wp","href":"https:\/\/api.w.org\/{rel}","templated":true}]}}