{"id":4122,"date":"2019-04-01T08:41:28","date_gmt":"2019-04-01T11:41:28","guid":{"rendered":"http:\/\/www.funceme.br\/?p=4122"},"modified":"2019-04-01T09:19:30","modified_gmt":"2019-04-01T12:19:30","slug":"4122","status":"publish","type":"post","link":"http:\/\/www.funceme.br\/?p=4122","title":{"rendered":"Abril come\u00e7a com cen\u00e1rio favor\u00e1vel \u00e0 continuidade das chuvas"},"content":{"rendered":"<div id=\"attachment_4124\" style=\"width: 778px\" class=\"wp-caption aligncenter\"><a href=\"http:\/\/www.funceme.br\/wp-content\/uploads\/2019\/04\/WhatsApp-Image-2019-04-01-at-07.30.53.jpeg\"><img aria-describedby=\"caption-attachment-4124\" decoding=\"async\" loading=\"lazy\" class=\"wp-image-4124\" src=\"http:\/\/www.funceme.br\/wp-content\/uploads\/2019\/04\/WhatsApp-Image-2019-04-01-at-07.30.53.jpeg\" alt=\"A cobertura de nuvens dever\u00e1 ser cont\u00ednua durante esta segunda-feira (FOTO: Monique Oliveira)\" width=\"768\" height=\"576\" srcset=\"http:\/\/www.funceme.br\/wp-content\/uploads\/2019\/04\/WhatsApp-Image-2019-04-01-at-07.30.53.jpeg 1280w, http:\/\/www.funceme.br\/wp-content\/uploads\/2019\/04\/WhatsApp-Image-2019-04-01-at-07.30.53-600x450.jpeg 600w, http:\/\/www.funceme.br\/wp-content\/uploads\/2019\/04\/WhatsApp-Image-2019-04-01-at-07.30.53-768x576.jpeg 768w, http:\/\/www.funceme.br\/wp-content\/uploads\/2019\/04\/WhatsApp-Image-2019-04-01-at-07.30.53-1200x900.jpeg 1200w\" sizes=\"(max-width: 768px) 100vw, 768px\" \/><\/a><p id=\"caption-attachment-4124\" class=\"wp-caption-text\"><span style=\"color: #6b6b6b;\"><em>A cobertura de nuvens dever\u00e1 ser cont\u00ednua durante esta segunda-feira (FOTO: Monique Oliveira)<\/em><\/span><\/p><\/div>\n<p style=\"text-align: justify;\"><span style=\"font-weight: 300;\">O m\u00eas de abril come\u00e7a com cen\u00e1rio favor\u00e1vel \u00e0 continuidade das chuvas em todas as macrorregi\u00f5es do Cear\u00e1. De acordo com previs\u00e3o do tempo atualizada pela Funda\u00e7\u00e3o Cearense de Meteorologia e Recursos H\u00eddricos (Funceme) na manh\u00e3 desta segunda-feira (1\u00b0), hoje e os dois pr\u00f3ximos dias dever\u00e3o ser com eventos de chuva em todo o estado.<\/span><\/p>\n<p style=\"text-align: justify;\"><span style=\"font-weight: 300;\">Neste momento, conforme an\u00e1lise de imagem de sat\u00e9lite, h\u00e1 nebulosidade sobre todo o territ\u00f3rio cearense, principalmente no norte do estado. O cen\u00e1rio se d\u00e1 pela atua\u00e7\u00e3o da Zona de Converg\u00eancia Intertropical (ZCIT), que se encontra pr\u00f3ximo \u00e0 costa. Al\u00e9m disto, observa-se. entre os estados de Piau\u00ed, Pernambuco e Bahia, a presen\u00e7a de um Cavado de Altos N\u00edveis (CAN). Esses sistemas est\u00e3o contribuindo para a ocorr\u00eancia de precipita\u00e7\u00f5es em todo o estado.<\/span><\/p>\n<p style=\"text-align: justify;\"><span style=\"font-weight: 300;\">Para hoje e esta ter\u00e7a-feira (2), a indica\u00e7\u00e3o \u00e9 de <strong>c\u00e9u nublado com eventos de chuva<\/strong>\u00a0em todas as macrorregi\u00f5es, isto \u00e9, as precipita\u00e7\u00f5es devem atingir mais de 50% da \u00e1rea sob previs\u00e3o. J\u00e1 para quarta-feira (3), nebulosidade vari\u00e1vel e seguindo com eventos de chuva.<\/span><\/p>\n<p style=\"text-align: justify;\"><span style=\"font-weight: 300;\">A previs\u00e3o do tempo indicada nesta manh\u00e3 para hoje e os pr\u00f3ximos dias pode sofrer altera\u00e7\u00f5es, assim, \u00e9 importante realizar o acompanhamento das atualiza\u00e7\u00f5es realizadas pelos meteorologistas. Para tomar conhecimento, basta acessar o site da Funceme ou ainda baixar o aplicativo Funceme Tempo.<\/span><\/p>\n<p style=\"text-align: justify;\"><strong>Balan\u00e7o parcial<\/strong><\/p>\n<p style=\"text-align: justify;\">No intervalo entre as 7h deste domingo (31) e as 7h desta segunda, o balan\u00e7o parcial indica registros em, pelo menos, 95 munic\u00edpios. Os maiores acumulados deste per\u00edodo foram em <strong>Camocim<\/strong> (140 mm), <strong>Chaval<\/strong> (135 mm) e\u00a0<strong>Corea\u00fa<\/strong> (126 mm).<\/p>\n<p style=\"text-align: justify;\">\n","protected":false},"excerpt":{"rendered":"<p>O m\u00eas de abril come\u00e7a com cen\u00e1rio favor\u00e1vel \u00e0 continuidade das chuvas em todas as macrorregi\u00f5es do Cear\u00e1. De acordo com previs\u00e3o do tempo atualizada pela Funda\u00e7\u00e3o Cearense de Meteorologia e Recursos H\u00eddricos (Funceme) na manh\u00e3 desta segunda-feira (1\u00b0), hoje e os dois pr\u00f3ximos dias dever\u00e3o ser com eventos de chuva em todo o estado. [&hellip;]<\/p>\n","protected":false},"author":4,"featured_media":4124,"comment_status":"closed","ping_status":"open","sticky":false,"template":"","format":"standard","meta":[],"categories":[81,15],"tags":[218,49,101],"acf":[],"_links":{"self":[{"href":"http:\/\/www.funceme.br\/index.php?rest_route=\/wp\/v2\/posts\/4122"}],"collection":[{"href":"http:\/\/www.funceme.br\/index.php?rest_route=\/wp\/v2\/posts"}],"about":[{"href":"http:\/\/www.funceme.br\/index.php?rest_route=\/wp\/v2\/types\/post"}],"author":[{"embeddable":true,"href":"http:\/\/www.funceme.br\/index.php?rest_route=\/wp\/v2\/users\/4"}],"replies":[{"embeddable":true,"href":"http:\/\/www.funceme.br\/index.php?rest_route=%2Fwp%2Fv2%2Fcomments&post=4122"}],"version-history":[{"count":4,"href":"http:\/\/www.funceme.br\/index.php?rest_route=\/wp\/v2\/posts\/4122\/revisions"}],"predecessor-version":[{"id":4131,"href":"http:\/\/www.funceme.br\/index.php?rest_route=\/wp\/v2\/posts\/4122\/revisions\/4131"}],"wp:featuredmedia":[{"embeddable":true,"href":"http:\/\/www.funceme.br\/index.php?rest_route=\/wp\/v2\/media\/4124"}],"wp:attachment":[{"href":"http:\/\/www.funceme.br\/index.php?rest_route=%2Fwp%2Fv2%2Fmedia&parent=4122"}],"wp:term":[{"taxonomy":"category","embeddable":true,"href":"http:\/\/www.funceme.br\/index.php?rest_route=%2Fwp%2Fv2%2Fcategories&post=4122"},{"taxonomy":"post_tag","embeddable":true,"href":"http:\/\/www.funceme.br\/index.php?rest_route=%2Fwp%2Fv2%2Ftags&post=4122"}],"curies":[{"name":"wp","href":"https:\/\/api.w.org\/{rel}","templated":true}]}}