{"id":4221,"date":"2019-04-05T12:43:47","date_gmt":"2019-04-05T15:43:47","guid":{"rendered":"http:\/\/www.funceme.br\/?p=4221"},"modified":"2019-04-05T12:58:13","modified_gmt":"2019-04-05T15:58:13","slug":"4221","status":"publish","type":"post","link":"http:\/\/www.funceme.br\/?p=4221","title":{"rendered":"Chove em mais de 130 munic\u00edpios do Cear\u00e1 entre quinta (4) e sexta-feira (5)"},"content":{"rendered":"<div id=\"attachment_4222\" style=\"width: 778px\" class=\"wp-caption aligncenter\"><a href=\"http:\/\/www.funceme.br\/wp-content\/uploads\/2019\/04\/WhatsApp-Image-2019-04-05-at-08.26.54.jpeg\"><img aria-describedby=\"caption-attachment-4222\" decoding=\"async\" loading=\"lazy\" class=\"wp-image-4222\" src=\"http:\/\/www.funceme.br\/wp-content\/uploads\/2019\/04\/WhatsApp-Image-2019-04-05-at-08.26.54.jpeg\" alt=\"Grande parte do Cear\u00e1 est\u00e1 com cobertura de nuvens (FOTO: Alex Rabelo)\" width=\"768\" height=\"576\" srcset=\"http:\/\/www.funceme.br\/wp-content\/uploads\/2019\/04\/WhatsApp-Image-2019-04-05-at-08.26.54.jpeg 1040w, http:\/\/www.funceme.br\/wp-content\/uploads\/2019\/04\/WhatsApp-Image-2019-04-05-at-08.26.54-600x450.jpeg 600w, http:\/\/www.funceme.br\/wp-content\/uploads\/2019\/04\/WhatsApp-Image-2019-04-05-at-08.26.54-768x576.jpeg 768w\" sizes=\"(max-width: 768px) 100vw, 768px\" \/><\/a><p id=\"caption-attachment-4222\" class=\"wp-caption-text\">Grande parte do Cear\u00e1 est\u00e1 com cobertura de nuvens (FOTO: Alex Rabelo)<\/p><\/div>\n<p style=\"text-align: justify;\"><span style=\"font-weight: 300;\">O Cear\u00e1 segue registrando chuvas em todas as macrorregi\u00f5es. No intervalo entre as 7h desta quinta (4) e as 7h desta sexta-feira (5), balan\u00e7o parcial aponta registros em, pelo menos, <strong>135 munic\u00edpios<\/strong>, segundo a Funda\u00e7\u00e3o Cearense de Meteorologia e Recursos H\u00eddricos (Funceme).<\/span><\/p>\n<p style=\"text-align: justify;\"><span style=\"font-weight: 300;\">Os maiores acumulados neste per\u00edodo de 24 horas foram em <strong>Santa Quit\u00e9ria<\/strong> (72,2 mm), <strong>Crate\u00fas<\/strong> (70 mm) e <strong>Catunda<\/strong> (63 mm), todos localizados na macrorregi\u00e3o do Sert\u00e3o Central e Inhamuns. Os dados s\u00e3o preliminares e s\u00e3o atualizados diariamente.<\/span><\/p>\n<p style=\"text-align: justify;\"><span style=\"font-weight: 300;\">Entre a \u00faltima quarta-feira (3) e ontem, as precipita\u00e7\u00f5es atingiram cerca de 150 munic\u00edpios, tendo <a href=\"http:\/\/www.funceme.br\/?p=4187\">Abaiara e Crato registrado suas maiores chuvas do ano<\/a>, com 140 e 130 mil\u00edmetros, respectivamente.<\/span><\/p>\n<p style=\"text-align: justify;\"><strong>Previs\u00e3o do tempo<\/strong><\/p>\n<p style=\"text-align: justify;\"><span style=\"font-weight: 300;\">Para esta sexta, a Funceme indica c\u00e9u nublado com <strong>eventos de chuva na faixa litor\u00e2nea, no Maci\u00e7o de Baturit\u00e9, na Ibiapaba, no Sert\u00e3o Central e Inhamuns<\/strong>. J\u00e1 nas demais regi\u00f5es, as precipita\u00e7\u00f5es ser\u00e3o isoladas.<\/span><\/p>\n<p style=\"text-align: justify;\"><span style=\"font-weight: 300;\">Conforme an\u00e1lise da imagem de sat\u00e9lite, observava-se, sobre o territ\u00f3rio do Cear\u00e1, nebulosidade principalmente sobre a por\u00e7\u00e3o ao norte. Ela estaria relacionada \u00e0 instabilidade causada pela proximidade da Zona de Converg\u00eancia Intertropical (ZCIT), que est\u00e1 posicionada pr\u00f3ximo ao norte do Nordeste. J\u00e1 no leste da regi\u00e3o, os meteorologistas observam a presen\u00e7a de um Cavado de Altos N\u00edveis (CAN). Esses sistemas est\u00e3o contribuindo para a ocorr\u00eancia de precipita\u00e7\u00f5es.<\/span><\/p>\n<p style=\"text-align: justify;\"><span style=\"font-weight: 300;\">Diante do ent\u00e3o cen\u00e1rio, a cobertura de nuvens ser\u00e1 constante ao longo do dia e as precipita\u00e7\u00f5es dever\u00e3o atingir mais de 50% das \u00e1reas sob previs\u00e3o citadas acima. J\u00e1 naquelas indicadas como tend\u00eancia a chuvas isoladas, a precipita\u00e7\u00f5es dever\u00e3o atingir de 20% a 50% do territ\u00f3rio.<\/span><\/p>\n<p style=\"text-align: justify;\"><span style=\"font-weight: 300;\">Para o s\u00e1bado, a tend\u00eancia \u00e9 de c\u00e9u nublado com chuva em todas as regi\u00f5es cearenses. Os modelos indicam condi\u00e7\u00e3o aparentemente favor\u00e1vel para precipita\u00e7\u00f5es mais intensas que entre hoje \u00e0 noite e madrugada\/manh\u00e3 deste amanh\u00e3 no centro norte do estado. Um aviso meteorol\u00f3gico foi enviado \u00e0 Defesa Civil.<\/span><\/p>\n<p style=\"text-align: justify;\"><span style=\"font-weight: 300;\">J\u00e1 para o pr\u00f3ximo domingo, a indica\u00e7\u00e3o \u00e9 de nebulosidade vari\u00e1vel com eventos de chuva no litoral, na regi\u00e3o Jaguaribana, na Ibiapaba e no Maci\u00e7o de Baturit\u00e9. Nas demais \u00e1reas, chuvas isoladas.<\/span><\/p>\n<p style=\"text-align: justify;\"><span style=\"font-weight: 300;\">Apesar do cen\u00e1rio indicado na manh\u00e3 desta sexta, a Funceme realizar\u00e1 novas observa\u00e7\u00f5es na tarde de hoje e ainda nas manh\u00e3s dos pr\u00f3ximos dias com o objetivo de realizar poss\u00edveis atualiza\u00e7\u00f5es.<\/span><\/p>\n","protected":false},"excerpt":{"rendered":"<p>O Cear\u00e1 segue registrando chuvas em todas as macrorregi\u00f5es. No intervalo entre as 7h desta quinta (4) e as 7h desta sexta-feira (5), balan\u00e7o parcial aponta registros em, pelo menos, 135 munic\u00edpios, segundo a Funda\u00e7\u00e3o Cearense de Meteorologia e Recursos H\u00eddricos (Funceme). Os maiores acumulados neste per\u00edodo de 24 horas foram em Santa Quit\u00e9ria (72,2 [&hellip;]<\/p>\n","protected":false},"author":4,"featured_media":4222,"comment_status":"closed","ping_status":"open","sticky":false,"template":"","format":"standard","meta":[],"categories":[81,15],"tags":[229,47,228,227],"acf":[],"_links":{"self":[{"href":"http:\/\/www.funceme.br\/index.php?rest_route=\/wp\/v2\/posts\/4221"}],"collection":[{"href":"http:\/\/www.funceme.br\/index.php?rest_route=\/wp\/v2\/posts"}],"about":[{"href":"http:\/\/www.funceme.br\/index.php?rest_route=\/wp\/v2\/types\/post"}],"author":[{"embeddable":true,"href":"http:\/\/www.funceme.br\/index.php?rest_route=\/wp\/v2\/users\/4"}],"replies":[{"embeddable":true,"href":"http:\/\/www.funceme.br\/index.php?rest_route=%2Fwp%2Fv2%2Fcomments&post=4221"}],"version-history":[{"count":3,"href":"http:\/\/www.funceme.br\/index.php?rest_route=\/wp\/v2\/posts\/4221\/revisions"}],"predecessor-version":[{"id":4225,"href":"http:\/\/www.funceme.br\/index.php?rest_route=\/wp\/v2\/posts\/4221\/revisions\/4225"}],"wp:featuredmedia":[{"embeddable":true,"href":"http:\/\/www.funceme.br\/index.php?rest_route=\/wp\/v2\/media\/4222"}],"wp:attachment":[{"href":"http:\/\/www.funceme.br\/index.php?rest_route=%2Fwp%2Fv2%2Fmedia&parent=4221"}],"wp:term":[{"taxonomy":"category","embeddable":true,"href":"http:\/\/www.funceme.br\/index.php?rest_route=%2Fwp%2Fv2%2Fcategories&post=4221"},{"taxonomy":"post_tag","embeddable":true,"href":"http:\/\/www.funceme.br\/index.php?rest_route=%2Fwp%2Fv2%2Ftags&post=4221"}],"curies":[{"name":"wp","href":"https:\/\/api.w.org\/{rel}","templated":true}]}}