{"id":4385,"date":"2019-04-14T10:14:19","date_gmt":"2019-04-14T13:14:19","guid":{"rendered":"http:\/\/www.funceme.br\/?p=4385"},"modified":"2019-04-14T11:39:59","modified_gmt":"2019-04-14T14:39:59","slug":"domingo-tem-previsao-de-ceu-nublado-com-eventos-de-chuva-no-centro-norte-no-sul-nebulosidade-variavel","status":"publish","type":"post","link":"http:\/\/www.funceme.br\/?p=4385","title":{"rendered":"Domingo tem previs\u00e3o de c\u00e9u nublado com eventos de chuva no centro-norte; no sul, nebulosidade vari\u00e1vel"},"content":{"rendered":"<div id=\"attachment_4386\" style=\"width: 778px\" class=\"wp-caption aligncenter\"><a href=\"http:\/\/www.funceme.br\/wp-content\/uploads\/2019\/04\/WhatsApp-Image-2019-04-11-at-19.26.16.jpeg\"><img aria-describedby=\"caption-attachment-4386\" decoding=\"async\" loading=\"lazy\" class=\"wp-image-4386\" src=\"http:\/\/www.funceme.br\/wp-content\/uploads\/2019\/04\/WhatsApp-Image-2019-04-11-at-19.26.16.jpeg\" alt=\"Fortaleza registra chuva desde o in\u00edcio da madrugada deste domingo (FOTO: Bruno Dias)\" width=\"768\" height=\"432\" srcset=\"http:\/\/www.funceme.br\/wp-content\/uploads\/2019\/04\/WhatsApp-Image-2019-04-11-at-19.26.16.jpeg 1032w, http:\/\/www.funceme.br\/wp-content\/uploads\/2019\/04\/WhatsApp-Image-2019-04-11-at-19.26.16-600x338.jpeg 600w, http:\/\/www.funceme.br\/wp-content\/uploads\/2019\/04\/WhatsApp-Image-2019-04-11-at-19.26.16-768x432.jpeg 768w\" sizes=\"(max-width: 768px) 100vw, 768px\" \/><\/a><p id=\"caption-attachment-4386\" class=\"wp-caption-text\"><span style=\"color: #6b6b6b;\"><em>Fortaleza registra chuva desde o in\u00edcio da madrugada deste domingo (FOTO: Bruno Dias)<\/em><\/span><\/p><\/div>\n<p style=\"text-align: justify;\">A previs\u00e3o do tempo para este domingo (14) indica c\u00e9u nublado com eventos de chuva no centro-norte e nebulosidade vari\u00e1vel com eventos de chuva mais ao sul do Cear\u00e1, conforme an\u00e1lise das condi\u00e7\u00f5es atmosf\u00e9ricas realizada na manh\u00e3 de hoje pela Funda\u00e7\u00e3o Cearense de Meteorologia e Recursos H\u00eddricos (Funceme).<\/p>\n<p style=\"text-align: justify;\">Neste momento, imagem de sat\u00e9lite mostra nebulosidade sobre todo o Cear\u00e1, principalmente no centro-norte. Estas nuvens est\u00e3o associadas \u00e0 proximidade da Zona de Converg\u00eancia Intertropical (ZCIT), que se encontra junto ao norte da regi\u00e3o Nordeste. Entre o oceano Atl\u00e2ntico e parte da \u00e1rea continental, observa-se a presen\u00e7a de um Cavado de Altos N\u00edveis (CAN). A atua\u00e7\u00e3o desses dois sistemas meteorol\u00f3gicos contribui para ocorr\u00eancia de chuva nas macrorregi\u00f5es cearenses.<\/p>\n<p style=\"text-align: justify;\">Diante de tal cen\u00e1rio, para hoje, o c\u00e9u ter\u00e1 cobertura completa de nuvens -no centro-norte &#8211; e as precipita\u00e7\u00f5es atingiram mais de 50% do territ\u00f3rio sob previs\u00e3o. J\u00e1 na por\u00e7\u00e3o sul do Cear\u00e1, a cobertura de nuvens ser\u00e1 variada ao longo do dia. \u00c9 importante destacar que, apesar de uma macrorregi\u00e3o apresentar condi\u00e7\u00f5es de precipita\u00e7\u00f5es, nem todos os munic\u00edpios ter\u00e3o registros.<\/p>\n<p style=\"text-align: justify;\"><strong>BALAN\u00c7O<\/strong><\/p>\n<p style=\"text-align: justify;\">Desde a madrugada, a rede de radares mantida pela Funceme indica chuvas ao longo da faixa litor\u00e2nea, incluindo a macrorregi\u00e3o do Litoral de Fortaleza. J\u00e1 no balan\u00e7o parcial referente ao intervalo entre as 7h de ontem e as 7h de hoje, a Capital teve registros em, pelo menos, tr\u00eas dos seus quatro postos pluviom\u00e9tricos: Pici (49 mm), Castel\u00e3o (36,3 mm) e Messejana (31 mm). Os dados s\u00e3o preliminares e ser\u00e3o atualizados ao longo do dia.<\/p>\n<p style=\"text-align: justify;\">At\u00e9 o momento, foram informados registros em<strong> 73 munic\u00edpios<\/strong>, sendo os maiores acumulados em Acara\u00fa (Posto Aranau &#8211; 70 mm), Acara\u00fa (Posto Sede &#8211; 62,4 mm) e Paracuru (Posto Jardim do Meio &#8211; 61 mm). Para acompanhar as atualiza\u00e7\u00f5es, basta acessar o link www.funceme.br\/calendario ou por meio do aplicativo \u2018Funceme Tempo\u2019.<\/p>\n","protected":false},"excerpt":{"rendered":"<p>A previs\u00e3o do tempo para este domingo (14) indica c\u00e9u nublado com eventos de chuva no centro-norte e nebulosidade vari\u00e1vel com eventos de chuva mais ao sul do Cear\u00e1, conforme an\u00e1lise das condi\u00e7\u00f5es atmosf\u00e9ricas realizada na manh\u00e3 de hoje pela Funda\u00e7\u00e3o Cearense de Meteorologia e Recursos H\u00eddricos (Funceme). Neste momento, imagem de sat\u00e9lite mostra nebulosidade [&hellip;]<\/p>\n","protected":false},"author":4,"featured_media":4386,"comment_status":"closed","ping_status":"open","sticky":false,"template":"","format":"standard","meta":[],"categories":[81,15],"tags":[47,49,167],"acf":[],"_links":{"self":[{"href":"http:\/\/www.funceme.br\/index.php?rest_route=\/wp\/v2\/posts\/4385"}],"collection":[{"href":"http:\/\/www.funceme.br\/index.php?rest_route=\/wp\/v2\/posts"}],"about":[{"href":"http:\/\/www.funceme.br\/index.php?rest_route=\/wp\/v2\/types\/post"}],"author":[{"embeddable":true,"href":"http:\/\/www.funceme.br\/index.php?rest_route=\/wp\/v2\/users\/4"}],"replies":[{"embeddable":true,"href":"http:\/\/www.funceme.br\/index.php?rest_route=%2Fwp%2Fv2%2Fcomments&post=4385"}],"version-history":[{"count":4,"href":"http:\/\/www.funceme.br\/index.php?rest_route=\/wp\/v2\/posts\/4385\/revisions"}],"predecessor-version":[{"id":4392,"href":"http:\/\/www.funceme.br\/index.php?rest_route=\/wp\/v2\/posts\/4385\/revisions\/4392"}],"wp:featuredmedia":[{"embeddable":true,"href":"http:\/\/www.funceme.br\/index.php?rest_route=\/wp\/v2\/media\/4386"}],"wp:attachment":[{"href":"http:\/\/www.funceme.br\/index.php?rest_route=%2Fwp%2Fv2%2Fmedia&parent=4385"}],"wp:term":[{"taxonomy":"category","embeddable":true,"href":"http:\/\/www.funceme.br\/index.php?rest_route=%2Fwp%2Fv2%2Fcategories&post=4385"},{"taxonomy":"post_tag","embeddable":true,"href":"http:\/\/www.funceme.br\/index.php?rest_route=%2Fwp%2Fv2%2Ftags&post=4385"}],"curies":[{"name":"wp","href":"https:\/\/api.w.org\/{rel}","templated":true}]}}