{"id":4955,"date":"2019-05-28T08:47:26","date_gmt":"2019-05-28T11:47:26","guid":{"rendered":"http:\/\/www.funceme.br\/?p=4955"},"modified":"2019-05-28T08:48:25","modified_gmt":"2019-05-28T11:48:25","slug":"cooperacao-entre-funceme-e-cirad-visa-a-promocao-do-desenvolvimento-do-campo-por-meio-da-pesquisa-cientifica","status":"publish","type":"post","link":"http:\/\/www.funceme.br\/?p=4955","title":{"rendered":"Coopera\u00e7\u00e3o entre Funceme e Cirad visa a promo\u00e7\u00e3o do desenvolvimento do campo por meio da pesquisa cient\u00edfica"},"content":{"rendered":"<p style=\"text-align: center;\"><span style=\"color: #fc6836;\"><em>Os estudos ter\u00e3o desdobramentos em todas as regi\u00f5es do Cear\u00e1, dependendo de como eles poder\u00e3o subsidiar o desenvolvimento da agricultura, recursos h\u00eddricos e meio ambiente<\/em><\/span><\/p>\n<div id=\"attachment_4956\" style=\"width: 778px\" class=\"wp-caption aligncenter\"><a href=\"http:\/\/www.funceme.br\/wp-content\/uploads\/2019\/05\/201904_cirad-5212.jpg\"><img aria-describedby=\"caption-attachment-4956\" decoding=\"async\" loading=\"lazy\" class=\"wp-image-4956\" src=\"http:\/\/www.funceme.br\/wp-content\/uploads\/2019\/05\/201904_cirad-5212.jpg\" alt=\"O presidente da Funceme, Eduardo S\u00e1vio Martins, e o presidente-diretor do Cirad, Sylvain Perret, assinam acordo de coopera\u00e7\u00e3o em Fortaleza (FOTO: Juliana Lima)\" width=\"768\" height=\"512\" srcset=\"http:\/\/www.funceme.br\/wp-content\/uploads\/2019\/05\/201904_cirad-5212.jpg 5056w, http:\/\/www.funceme.br\/wp-content\/uploads\/2019\/05\/201904_cirad-5212-600x400.jpg 600w, http:\/\/www.funceme.br\/wp-content\/uploads\/2019\/05\/201904_cirad-5212-768x512.jpg 768w, http:\/\/www.funceme.br\/wp-content\/uploads\/2019\/05\/201904_cirad-5212-1200x800.jpg 1200w\" sizes=\"(max-width: 768px) 100vw, 768px\" \/><\/a><p id=\"caption-attachment-4956\" class=\"wp-caption-text\"><span style=\"color: #6b6b6b;\"><em>O presidente da Funceme, Eduardo S\u00e1vio Martins, e o presidente-diretor do Cirad, Sylvain Perret, assinam acordo de coopera\u00e7\u00e3o em Fortaleza (FOTO: Juliana Lima)<\/em><\/span><\/p><\/div>\n<p style=\"text-align: justify;\">A Funda\u00e7\u00e3o Cearense de Meteorologia e Recursos H\u00eddricos (<strong>Funceme<\/strong>) e o Centro Franc\u00eas de Pesquisa Agr\u00edcola para o Desenvolvimento Internacional (<strong>Cirad<\/strong>) assinaram, no m\u00eas de abril, um memorando de entendimento sobre <strong>coopera\u00e7\u00e3o cient\u00edfica e t\u00e9cnica<\/strong>.<\/p>\n<p style=\"text-align: justify;\">O objetivo do acordo entre as institui\u00e7\u00f5es do Brasil e da Fran\u00e7a \u00e9 promover atividades de pesquisa nas \u00e1reas dos recursos h\u00eddricos, ci\u00eancias agron\u00f4micas, ambientais e sociais em parceria e o acolhimento e\/ou interc\u00e2mbio de pesquisadores e estudantes dos mais diversos n\u00edveis (gradua\u00e7\u00e3o, mestrado e doutorado).<\/p>\n<p style=\"text-align: justify;\">\u201cO grande objetivo \u00e9 intensificar os estudos nas \u00e1reas afins. Ao longo de sua hist\u00f3ria, a Funceme j\u00e1 realizou e vem realizando parcerias com diversos pa\u00edses, incluindo a pr\u00f3pria Fran\u00e7a. Estamos buscando olhar os problemas do semi\u00e1rido de forma interdisciplinar, trazendo informa\u00e7\u00f5es da ci\u00eancias sociais e f\u00edsicas, por exemplo, al\u00e9m de observar o comportamento dos cen\u00e1rios que s\u00e3o semelhantes, mas sob a \u00f3tica da popula\u00e7\u00e3o e de pesquisadores do local. Os problemas nas regi\u00f5es semi\u00e1ridas s\u00e3o os mesmos, mas com contextos diferentes\u201d, ressalta o presidente da Funceme, Eduardo S\u00e1vio Rodrigues.<\/p>\n<p style=\"text-align: justify;\">O acordo prev\u00ea que o acolhimento de pesquisadores se d\u00ea pela participa\u00e7\u00e3o em confer\u00eancias, cursos de forma\u00e7\u00e3o propostos pela institui\u00e7\u00e3o anfitri\u00e3, bem como atividades de ensino e pesquisa em parceria.<\/p>\n<p style=\"text-align: justify;\">\u201cH\u00e1 uma s\u00e9rie de grandes tem\u00e1ticas que n\u00f3s estamos desenvolvendo j\u00e1 h\u00e1 cerca de 20 anos em parceria com a Funceme. Esta assinatura marca um refor\u00e7o para esta coopera\u00e7\u00e3o visando \u00e1reas como a gest\u00e3o dos territ\u00f3rios e dos recursos h\u00eddricos, a agricultura familiar e a resili\u00eancia. H\u00e1 ainda outros temas mais t\u00e9cnicos que visam encontrar as melhores solu\u00e7\u00f5es para o desenvolvimento no campo\u201d, explica o pesquisador franc\u00eas do Cirad, Julien Burte, que ficar\u00e1 na Funceme at\u00e9, pelo menos, o <strong>fim do ano de 2020<\/strong>.<\/p>\n<p style=\"text-align: justify;\">Burte, que j\u00e1 desenvolveu estudos em Quixeramobim, munic\u00edpio localizado na macrorregi\u00e3o do Sert\u00e3o Central e Inhamuns, adianta que os trabalhos visam o Cear\u00e1 em sua globalidade, por\u00e9m, a \u00e1rea da Bacia do Jaguaribe \u00e9 o ponto de partida de forma regionalizada. Nesta \u00e1rea est\u00e1 localizado o a\u00e7ude Castanh\u00e3o, principal reservat\u00f3rio do estado, que beneficia mais de 80 munic\u00edpios.<\/p>\n<p style=\"text-align: justify;\">\u201cOs estudos ter\u00e3o desdobramentos em todas as regi\u00f5es, dependendo de como eles poder\u00e3o subsidiar o desenvolvimento da agricultura, recursos h\u00eddricos e meio ambiente. Apesar do acordo ser de 5 anos e isso j\u00e1 mostra o compromisso entre as intui\u00e7\u00f5es. Por\u00e9m, Funceme e Cirad, al\u00e9m da Universidade Federal do Cear\u00e1, j\u00e1 v\u00eam trabalhando <strong>h\u00e1 cerca de 20 anos<\/strong>. Ent\u00e3o, a gente [Cirad] vem com uma perspectiva de longo prazo\u201d, refor\u00e7a o estudioso franc\u00eas.<\/p>\n<p style=\"text-align: justify;\"><strong>Primeiros contatos<\/strong><\/p>\n<p style=\"text-align: justify;\">Logo ap\u00f3s a assinatura do acordo, representantes do Cirad e pesquisadores da Funceme realizam uma visita t\u00e9cnica em \u00e1reas dos munic\u00edpios de Quixad\u00e1, Quixeramobim e Russas. A programa\u00e7\u00e3o incluiu a apresenta\u00e7\u00e3o de projetos de pesquisa de estudantes rec\u00e9m-formados e de outros que est\u00e3o desenvolvendo pesquisas de mestrado e doutorado.<\/p>\n<p style=\"text-align: justify;\">\u201c\u00c9 tudo muito interessante. Apesar de n\u00f3s n\u00e3o termos conversado antes sobre tais pesquisas, observamos que temos os mesmos valores e posicionamentos. Esta parceria, que j\u00e1 vem de longo tempo, vai contribuir para observamos os principais problemas do semi\u00e1rido e buscarmos uma abordagem cada vez mais s\u00f3lida\u201d, diz o presidente-diretor do Cirad, Sylvain Perret.<\/p>\n<div id=\"attachment_4957\" style=\"width: 778px\" class=\"wp-caption aligncenter\"><a href=\"http:\/\/www.funceme.br\/wp-content\/uploads\/2019\/05\/201904_cirad-5444-1.jpg\"><img aria-describedby=\"caption-attachment-4957\" decoding=\"async\" loading=\"lazy\" class=\"wp-image-4957\" src=\"http:\/\/www.funceme.br\/wp-content\/uploads\/2019\/05\/201904_cirad-5444-1.jpg\" alt=\"Representantes do Cirad conhecem \u00e1reas irrigadas do Cear\u00e1 (FOTO: Juliana Lima)\" width=\"768\" height=\"433\" srcset=\"http:\/\/www.funceme.br\/wp-content\/uploads\/2019\/05\/201904_cirad-5444-1.jpg 3194w, http:\/\/www.funceme.br\/wp-content\/uploads\/2019\/05\/201904_cirad-5444-1-600x339.jpg 600w, http:\/\/www.funceme.br\/wp-content\/uploads\/2019\/05\/201904_cirad-5444-1-768x433.jpg 768w, http:\/\/www.funceme.br\/wp-content\/uploads\/2019\/05\/201904_cirad-5444-1-1200x677.jpg 1200w\" sizes=\"(max-width: 768px) 100vw, 768px\" \/><\/a><p id=\"caption-attachment-4957\" class=\"wp-caption-text\"><span style=\"color: #6b6b6b;\"><em>Representantes do Cirad conhecem \u00e1reas irrigadas do Cear\u00e1 (FOTO: Juliana Lima)<\/em><\/span><\/p><\/div>\n<p style=\"text-align: justify;\">Presente na miss\u00e3o franco-brasileira no interior do Cear\u00e1, o diretor regional do Cirad no Brasil, Jean-Luc Battini, ressalta que o interesse da Funceme em colaborar com os pa\u00edses africanos nesta coopera\u00e7\u00e3o internacional e, principalmente, com aqueles que j\u00e1 s\u00e3o parceiros do Cirad, \u00e9 muito importante para o desenrolar das pesquisas fora do Brasil.<\/p>\n<p style=\"text-align: justify;\">\u201cN\u00e3o se trata de pesquisa por pesquisa, somente para acumular papel, mas sim do impacto sobre o desenvolvimento sustent\u00e1vel que envolve esses pa\u00edses parceiros\u201d, destaca o gestor do \u00f3rg\u00e3o franc\u00eas.<\/p>\n<p style=\"text-align: justify;\">Xavier Augusseau, diretor da unidade Territ\u00f3rios, Ambiente, Sensoriamento Remoto e Informa\u00e7\u00e3o Espacial (Tetis), que tamb\u00e9m faz parte do Cirad, cita que a converg\u00eancia entre as pol\u00edticas p\u00fablicas do estado com as pesquisas da Funceme e o saber do homem do campo pode ser um elemento chave para o desenvolvimento desta e de novas parcerias, al\u00e9m de inova\u00e7\u00f5es para a agricultura.<\/p>\n<p style=\"text-align: justify;\">\u201cVimos, durante visita ao campo, que os esfor\u00e7os devem concentrar-se nos mais diferentes atores, pois os desafios tamb\u00e9m s\u00e3o partilhados. No estado de Pernambuco, por exemplo, h\u00e1 um projeto onde o produtor \u00e9 o pr\u00f3prio produtor de conhecimento, a partir do seu olhar. A pesquisa pode trazer mais e mais respostas para o campo. Aqueles que t\u00eam maior capacidade de inova\u00e7\u00e3o podem passar para outros e assim sucessivamente\u201d, comenta Augusseau.<\/p>\n<p style=\"text-align: justify;\">AInda sobre a troca de conhecimento com os camponeses, o presidente-diretor do Cirad, Sylvain Perret, destaca que, muitas vezes, o agricultor n\u00e3o acredita no conhecimento cient\u00edfico por estar longe de sua realidade, sendo importante traz\u00ea-lo para seu cotidiano.<\/p>\n<p style=\"text-align: justify;\">\u201cQuando o conhecimento \u00e9 produzido dentro do seu ambiente e pelos atores deste processo, eles tendem a se sentirem mais participantes. Isso deve fazer parte das pol\u00edticas p\u00fablicas\u2019, afirma Perret.<\/p>\n<p style=\"text-align: justify;\"><strong>Pr\u00f3ximos passos<\/strong><\/p>\n<p style=\"text-align: justify;\">A observa\u00e7\u00e3o da realidade do campo do Cear\u00e1 j\u00e1 foi o primeiro passo do acordo de coopera\u00e7\u00e3o entre Funceme e Cirad. O trabalho dos pesquisadores segue em andamento e, nos pr\u00f3ximos meses, os primeiros resultados devem ser apresentados. Al\u00e9m disto, os gestores de ambas institui\u00e7\u00f5es preparam novos encontros ainda em 2019.<\/p>\n<div id=\"attachment_4958\" style=\"width: 778px\" class=\"wp-caption aligncenter\"><a href=\"http:\/\/www.funceme.br\/wp-content\/uploads\/2019\/05\/201904_cirad-5343.jpg\"><img aria-describedby=\"caption-attachment-4958\" decoding=\"async\" loading=\"lazy\" class=\"wp-image-4958\" src=\"http:\/\/www.funceme.br\/wp-content\/uploads\/2019\/05\/201904_cirad-5343.jpg\" alt=\"Comitiva de pesquisadores visita o munic\u00edpio de Quixeramobim, localizado na macrorregi\u00e3o do Sert\u00e3o Central e Inhamuns (FOTO: Juliana Lima)\" width=\"768\" height=\"512\" srcset=\"http:\/\/www.funceme.br\/wp-content\/uploads\/2019\/05\/201904_cirad-5343.jpg 6000w, http:\/\/www.funceme.br\/wp-content\/uploads\/2019\/05\/201904_cirad-5343-600x400.jpg 600w, http:\/\/www.funceme.br\/wp-content\/uploads\/2019\/05\/201904_cirad-5343-768x512.jpg 768w, http:\/\/www.funceme.br\/wp-content\/uploads\/2019\/05\/201904_cirad-5343-1200x800.jpg 1200w\" sizes=\"(max-width: 768px) 100vw, 768px\" \/><\/a><p id=\"caption-attachment-4958\" class=\"wp-caption-text\"><span style=\"color: #6b6b6b;\"><em>Comitiva de pesquisadores visita o munic\u00edpio de Quixeramobim, localizado na macrorregi\u00e3o do Sert\u00e3o Central e Inhamuns (FOTO: Juliana Lima)<\/em><\/span><\/p><\/div>\n<p style=\"text-align: justify;\">\u201cA aus\u00eancia de informa\u00e7\u00e3o por parte dos agricultores \u00e9 um dos principais desafios a serem superados, pois ainda h\u00e1 muitos fora deste ciclo de conhecimento. Por\u00e9m, a pesquisa n\u00e3o trar\u00e1 resultados sozinha, afinal, ela n\u00e3o pode fazer tudo. \u00c9 preciso harmonia e, uma das coisas, \u00e9 justamente levar aos agricultores a partilharem de uma vis\u00e3o conjunta para se chegar aos melhores resultados\u201d, complementa Perret.<\/p>\n<p style=\"text-align: justify;\">Por fim, Battini acredita que a for\u00e7a do sertanejo tamb\u00e9m pode ser uma \u201cmola propulsora\u201d para o desenvolvimento sustent\u00e1vel, afinal, resili\u00eancia faz parte de sua rotina.<\/p>\n<p style=\"text-align: justify;\">\u201cA capacidade de resili\u00eancia dos camponeses do Cear\u00e1 e como sobreviveram at\u00e9 hoje, principalmente ap\u00f3s anos seguidos de seca \u00e9 muito emocionante. Todos eles acreditam muita na Funceme e isso corrobora para realizarmos pesquisas no semi\u00e1rido\u201d, finaliza o diretor regional do Cirad no Brasil.<\/p>\n","protected":false},"excerpt":{"rendered":"<p>Os estudos ter\u00e3o desdobramentos em todas as regi\u00f5es do Cear\u00e1, dependendo de como eles poder\u00e3o subsidiar o desenvolvimento da agricultura, recursos h\u00eddricos e meio ambiente A Funda\u00e7\u00e3o Cearense de Meteorologia e Recursos H\u00eddricos (Funceme) e o Centro Franc\u00eas de Pesquisa Agr\u00edcola para o Desenvolvimento Internacional (Cirad) assinaram, no m\u00eas de abril, um memorando de entendimento [&hellip;]<\/p>\n","protected":false},"author":4,"featured_media":4957,"comment_status":"closed","ping_status":"open","sticky":false,"template":"","format":"standard","meta":[],"categories":[268,15],"tags":[95,57,80,238,269,49,94,74,68],"acf":[],"_links":{"self":[{"href":"http:\/\/www.funceme.br\/index.php?rest_route=\/wp\/v2\/posts\/4955"}],"collection":[{"href":"http:\/\/www.funceme.br\/index.php?rest_route=\/wp\/v2\/posts"}],"about":[{"href":"http:\/\/www.funceme.br\/index.php?rest_route=\/wp\/v2\/types\/post"}],"author":[{"embeddable":true,"href":"http:\/\/www.funceme.br\/index.php?rest_route=\/wp\/v2\/users\/4"}],"replies":[{"embeddable":true,"href":"http:\/\/www.funceme.br\/index.php?rest_route=%2Fwp%2Fv2%2Fcomments&post=4955"}],"version-history":[{"count":3,"href":"http:\/\/www.funceme.br\/index.php?rest_route=\/wp\/v2\/posts\/4955\/revisions"}],"predecessor-version":[{"id":4961,"href":"http:\/\/www.funceme.br\/index.php?rest_route=\/wp\/v2\/posts\/4955\/revisions\/4961"}],"wp:featuredmedia":[{"embeddable":true,"href":"http:\/\/www.funceme.br\/index.php?rest_route=\/wp\/v2\/media\/4957"}],"wp:attachment":[{"href":"http:\/\/www.funceme.br\/index.php?rest_route=%2Fwp%2Fv2%2Fmedia&parent=4955"}],"wp:term":[{"taxonomy":"category","embeddable":true,"href":"http:\/\/www.funceme.br\/index.php?rest_route=%2Fwp%2Fv2%2Fcategories&post=4955"},{"taxonomy":"post_tag","embeddable":true,"href":"http:\/\/www.funceme.br\/index.php?rest_route=%2Fwp%2Fv2%2Ftags&post=4955"}],"curies":[{"name":"wp","href":"https:\/\/api.w.org\/{rel}","templated":true}]}}