{"id":4988,"date":"2019-05-30T10:55:29","date_gmt":"2019-05-30T13:55:29","guid":{"rendered":"http:\/\/www.funceme.br\/?p=4988"},"modified":"2019-05-30T11:12:29","modified_gmt":"2019-05-30T14:12:29","slug":"atuacao-de-ondas-de-leste-segue-proporcionando-chuvas-no-norte-do-ceara-veja-previsao-atualizada","status":"publish","type":"post","link":"http:\/\/www.funceme.br\/?p=4988","title":{"rendered":"Atua\u00e7\u00e3o de Ondas de Leste segue proporcionando chuvas no norte do Cear\u00e1; veja previs\u00e3o atualizada"},"content":{"rendered":"<div id=\"attachment_4989\" style=\"width: 778px\" class=\"wp-caption aligncenter\"><a href=\"http:\/\/www.funceme.br\/wp-content\/uploads\/2019\/05\/Cvuva.jpg\"><img aria-describedby=\"caption-attachment-4989\" decoding=\"async\" loading=\"lazy\" class=\"wp-image-4989\" src=\"http:\/\/www.funceme.br\/wp-content\/uploads\/2019\/05\/Cvuva.jpg\" alt=\"Fortaleza registrou principais acumulados em 24 horas (FOTO: Marciel Bezerra)\" width=\"768\" height=\"576\" srcset=\"http:\/\/www.funceme.br\/wp-content\/uploads\/2019\/05\/Cvuva.jpg 960w, http:\/\/www.funceme.br\/wp-content\/uploads\/2019\/05\/Cvuva-600x450.jpg 600w, http:\/\/www.funceme.br\/wp-content\/uploads\/2019\/05\/Cvuva-768x576.jpg 768w\" sizes=\"(max-width: 768px) 100vw, 768px\" \/><\/a><p id=\"caption-attachment-4989\" class=\"wp-caption-text\"><span style=\"color: #6b6b6b;\"><em>Fortaleza registrou principais acumulados em 24 horas (FOTO: Marciel Bezerra)<\/em><\/span><\/p><\/div>\n<p style=\"text-align: justify;\"><span style=\"font-weight: 400;\">A atua\u00e7\u00e3o de um Dist\u00farbio Ondulat\u00f3rio de Leste (DOL) sobre o norte do Nordeste, conforme previsto pela Funda\u00e7\u00e3o Cearense de Meteorologia e Recursos H\u00eddricos (Funceme) entre a noite desta quarta (29) e a manh\u00e3 desta quinta-feira (30), trouxe precipita\u00e7\u00f5es para \u00e1reas mais pr\u00f3ximas do litoral do Cear\u00e1.<\/span><\/p>\n<p style=\"text-align: justify;\"><span style=\"font-weight: 400;\">No intervalo entre as 7h de ontem e as 7h de hoje, o balan\u00e7o parcial de registros indica precipita\u00e7\u00f5es em, pelo menos, <strong>39 munic\u00edpios<\/strong>. Os maiores acumulados informados at\u00e9 o fim desta manh\u00e3 foram em postos pluviom\u00e9tricos de <strong>Eus\u00e9bio<\/strong> (72 mm) e de Fortaleza, sendo 47,8 no\u00a0<strong>Pici<\/strong>\u00a0e o mesmo valor no\u00a0<strong>Castel\u00e3o.<\/strong><\/span><\/p>\n<p style=\"text-align: justify;\"><span style=\"font-weight: 400;\">Durante an\u00e1lise das condi\u00e7\u00f5es de tempo realizada da manh\u00e3 de hoje, os meteorologistas da Funceme refor\u00e7aram que o sistema seguir\u00e1 proporcionando cen\u00e1rio favor\u00e1vel \u00e0s chuvas. O DOL deve trazer chuva principalmente para a parte norte do estado. J\u00e1 a parte sul do estado, deve ficar com condi\u00e7\u00f5es mais \u00a0est\u00e1veis.<\/span><\/p>\n<p style=\"text-align: justify;\"><span style=\"font-weight: 400;\">Para esta quinta, a previs\u00e3o \u00e9 de <strong>nebulosidade vari\u00e1vel com eventos de chuva no litoral, no Maci\u00e7o de Baturit\u00e9 e na Ibiapaba<\/strong>. Na regi\u00e3o Jaguaribana, h\u00e1 possibilidade de chuva. Nas demais regi\u00f5es, nebulosidade vari\u00e1vel<\/span><\/p>\n<p style=\"text-align: justify;\"><span style=\"font-weight: 400;\">J\u00e1 para esta sexta (31), a tend\u00eancia \u00e9 de possibilidade de chuva no litoral e no Maci\u00e7o de Baturit\u00e9. Nas demais regi\u00f5es, nebulosidade vari\u00e1vel.<\/span><\/p>\n<p style=\"text-align: justify;\"><strong>Sobre o DOL<\/strong><\/p>\n<p style=\"text-align: justify;\"><span style=\"font-weight: 400;\">Os Dist\u00farbios Ondulat\u00f3rios de Leste (DOL) &#8211; tamb\u00e9m chamados de Ondas de Leste &#8211; s\u00e3o perturba\u00e7\u00f5es no campo de vento e press\u00e3o que atuam na faixa tropical do globo terrestre, em \u00e1rea de influ\u00eancia dos ventos al\u00edsios, que se deslocam desde a costa da \u00c1frica at\u00e9 o litoral leste do Brasil.<\/span><\/p>\n<p style=\"text-align: justify;\"><span style=\"font-weight: 400;\">O fen\u00f4meno \u00e9 comum nesta \u00e9poca do ano e costuma contribuir para chuvas nos estados do leste do Nordeste e, eventualmente, trazendo precipita\u00e7\u00f5es para o Cear\u00e1.<\/span><\/p>\n","protected":false},"excerpt":{"rendered":"<p>A atua\u00e7\u00e3o de um Dist\u00farbio Ondulat\u00f3rio de Leste (DOL) sobre o norte do Nordeste, conforme previsto pela Funda\u00e7\u00e3o Cearense de Meteorologia e Recursos H\u00eddricos (Funceme) entre a noite desta quarta (29) e a manh\u00e3 desta quinta-feira (30), trouxe precipita\u00e7\u00f5es para \u00e1reas mais pr\u00f3ximas do litoral do Cear\u00e1. No intervalo entre as 7h de ontem e [&hellip;]<\/p>\n","protected":false},"author":4,"featured_media":4989,"comment_status":"closed","ping_status":"open","sticky":false,"template":"","format":"standard","meta":[],"categories":[81,15],"tags":[47,49,101],"acf":[],"_links":{"self":[{"href":"http:\/\/www.funceme.br\/index.php?rest_route=\/wp\/v2\/posts\/4988"}],"collection":[{"href":"http:\/\/www.funceme.br\/index.php?rest_route=\/wp\/v2\/posts"}],"about":[{"href":"http:\/\/www.funceme.br\/index.php?rest_route=\/wp\/v2\/types\/post"}],"author":[{"embeddable":true,"href":"http:\/\/www.funceme.br\/index.php?rest_route=\/wp\/v2\/users\/4"}],"replies":[{"embeddable":true,"href":"http:\/\/www.funceme.br\/index.php?rest_route=%2Fwp%2Fv2%2Fcomments&post=4988"}],"version-history":[{"count":3,"href":"http:\/\/www.funceme.br\/index.php?rest_route=\/wp\/v2\/posts\/4988\/revisions"}],"predecessor-version":[{"id":4994,"href":"http:\/\/www.funceme.br\/index.php?rest_route=\/wp\/v2\/posts\/4988\/revisions\/4994"}],"wp:featuredmedia":[{"embeddable":true,"href":"http:\/\/www.funceme.br\/index.php?rest_route=\/wp\/v2\/media\/4989"}],"wp:attachment":[{"href":"http:\/\/www.funceme.br\/index.php?rest_route=%2Fwp%2Fv2%2Fmedia&parent=4988"}],"wp:term":[{"taxonomy":"category","embeddable":true,"href":"http:\/\/www.funceme.br\/index.php?rest_route=%2Fwp%2Fv2%2Fcategories&post=4988"},{"taxonomy":"post_tag","embeddable":true,"href":"http:\/\/www.funceme.br\/index.php?rest_route=%2Fwp%2Fv2%2Ftags&post=4988"}],"curies":[{"name":"wp","href":"https:\/\/api.w.org\/{rel}","templated":true}]}}