{"id":5012,"date":"2019-06-03T10:05:55","date_gmt":"2019-06-03T13:05:55","guid":{"rendered":"http:\/\/www.funceme.br\/?p=5012"},"modified":"2019-06-03T10:17:36","modified_gmt":"2019-06-03T13:17:36","slug":"sem-expectativa-de-chuva-semana-tem-ceu-com-poucas-nuvens-em-todas-as-macrorregioes-do-ceara","status":"publish","type":"post","link":"http:\/\/www.funceme.br\/?p=5012","title":{"rendered":"Sem expectativa de chuva, semana come\u00e7a com poucas nuvens em todas as macrorregi\u00f5es do Cear\u00e1"},"content":{"rendered":"<div id=\"attachment_5013\" style=\"width: 774px\" class=\"wp-caption aligncenter\"><a href=\"http:\/\/www.funceme.br\/wp-content\/uploads\/2019\/06\/jeremy-bishop-184462-unsplash.jpg\"><img aria-describedby=\"caption-attachment-5013\" decoding=\"async\" loading=\"lazy\" class=\"wp-image-5013\" src=\"http:\/\/www.funceme.br\/wp-content\/uploads\/2019\/06\/jeremy-bishop-184462-unsplash.jpg\" alt=\"Cear\u00e1 entra em um per\u00edodo de chuvas mais escassas (FOTO: Jeremy Bishop)\" width=\"764\" height=\"509\" srcset=\"http:\/\/www.funceme.br\/wp-content\/uploads\/2019\/06\/jeremy-bishop-184462-unsplash.jpg 5184w, http:\/\/www.funceme.br\/wp-content\/uploads\/2019\/06\/jeremy-bishop-184462-unsplash-600x400.jpg 600w, http:\/\/www.funceme.br\/wp-content\/uploads\/2019\/06\/jeremy-bishop-184462-unsplash-768x512.jpg 768w, http:\/\/www.funceme.br\/wp-content\/uploads\/2019\/06\/jeremy-bishop-184462-unsplash-1200x800.jpg 1200w\" sizes=\"(max-width: 764px) 100vw, 764px\" \/><\/a><p id=\"caption-attachment-5013\" class=\"wp-caption-text\"><span style=\"color: #6b6b6b;\"><em>Cear\u00e1 entra em um per\u00edodo de chuvas mais escassas (FOTO: Jeremy Bishop)<\/em><\/span><\/p><\/div>\n<p style=\"text-align: justify;\"><span style=\"font-weight: 300;\">O fim da esta\u00e7\u00e3o chuvosa no Cear\u00e1 traz consigo a predomin\u00e2ncia de c\u00e9u mais claro em praticamente todas as macrorregi\u00f5es neste in\u00edcio de semana. Na previs\u00e3o do tempo realizada pela Funda\u00e7\u00e3o Cearense de Meteorologia e Recursos H\u00eddricos (Funceme) na manh\u00e3 desta segunda-feira (3), a indica\u00e7\u00e3o \u00e9 de c\u00e9u com poucas nuvens nos pr\u00f3ximos dias.<\/span><\/p>\n<p style=\"text-align: justify;\"><span style=\"font-weight: 300;\">A Zona de Converg\u00eancia Intertropical (ZCIT), principal sistema indutor de chuvas entre fevereiro e maio, encontra-se afastada da costa norte do Nordeste, conforme padr\u00e3o observado nas \u00faltimas semanas do m\u00eas passado, o que acarreta em cen\u00e1rio desfavor\u00e1vel \u00e0s precipita\u00e7\u00f5es.<\/span><\/p>\n<p style=\"text-align: justify;\"><span style=\"font-weight: 300;\">Neste momento, os meteorologistas da Funceme observam, por meio da an\u00e1lise de imagem de sat\u00e9lite gerada nesta segunda, a presen\u00e7a de \u00e1reas de instabilidade sobre o oceano Atl\u00e2ntico, por\u00e9m, sem expectativa para forma\u00e7\u00e3o de chuvas sobre o Cear\u00e1.<\/span><\/p>\n<p style=\"text-align: justify;\"><span style=\"font-weight: 300;\">No intervalo entre as 7h deste domingo (2) e as 7h de hoje, o balan\u00e7o parcial de chuvas indica registros em somente tr\u00eas munic\u00edpios: Acara\u00fa, Cruz e Camocim, com acumulados entre 2 e 10 mil\u00edmetros.<\/span><\/p>\n<p style=\"text-align: justify;\"><span style=\"font-weight: 300;\">A normal climatol\u00f3gica do m\u00eas de junho para o estado do Cear\u00e1 como um todo \u00e9 de apenas <strong>37,5 mm<\/strong>.<\/span><\/p>\n","protected":false},"excerpt":{"rendered":"<p>O fim da esta\u00e7\u00e3o chuvosa no Cear\u00e1 traz consigo a predomin\u00e2ncia de c\u00e9u mais claro em praticamente todas as macrorregi\u00f5es neste in\u00edcio de semana. Na previs\u00e3o do tempo realizada pela Funda\u00e7\u00e3o Cearense de Meteorologia e Recursos H\u00eddricos (Funceme) na manh\u00e3 desta segunda-feira (3), a indica\u00e7\u00e3o \u00e9 de c\u00e9u com poucas nuvens nos pr\u00f3ximos dias. A [&hellip;]<\/p>\n","protected":false},"author":4,"featured_media":5013,"comment_status":"closed","ping_status":"open","sticky":false,"template":"","format":"standard","meta":[],"categories":[81,15],"tags":[276,275,101],"acf":[],"_links":{"self":[{"href":"http:\/\/www.funceme.br\/index.php?rest_route=\/wp\/v2\/posts\/5012"}],"collection":[{"href":"http:\/\/www.funceme.br\/index.php?rest_route=\/wp\/v2\/posts"}],"about":[{"href":"http:\/\/www.funceme.br\/index.php?rest_route=\/wp\/v2\/types\/post"}],"author":[{"embeddable":true,"href":"http:\/\/www.funceme.br\/index.php?rest_route=\/wp\/v2\/users\/4"}],"replies":[{"embeddable":true,"href":"http:\/\/www.funceme.br\/index.php?rest_route=%2Fwp%2Fv2%2Fcomments&post=5012"}],"version-history":[{"count":3,"href":"http:\/\/www.funceme.br\/index.php?rest_route=\/wp\/v2\/posts\/5012\/revisions"}],"predecessor-version":[{"id":5018,"href":"http:\/\/www.funceme.br\/index.php?rest_route=\/wp\/v2\/posts\/5012\/revisions\/5018"}],"wp:featuredmedia":[{"embeddable":true,"href":"http:\/\/www.funceme.br\/index.php?rest_route=\/wp\/v2\/media\/5013"}],"wp:attachment":[{"href":"http:\/\/www.funceme.br\/index.php?rest_route=%2Fwp%2Fv2%2Fmedia&parent=5012"}],"wp:term":[{"taxonomy":"category","embeddable":true,"href":"http:\/\/www.funceme.br\/index.php?rest_route=%2Fwp%2Fv2%2Fcategories&post=5012"},{"taxonomy":"post_tag","embeddable":true,"href":"http:\/\/www.funceme.br\/index.php?rest_route=%2Fwp%2Fv2%2Ftags&post=5012"}],"curies":[{"name":"wp","href":"https:\/\/api.w.org\/{rel}","templated":true}]}}