{"id":5069,"date":"2019-06-11T10:39:29","date_gmt":"2019-06-11T13:39:29","guid":{"rendered":"http:\/\/www.funceme.br\/?p=5069"},"modified":"2019-06-11T10:39:29","modified_gmt":"2019-06-11T13:39:29","slug":"litoral-macico-e-regiao-jaguaribana-tem-previsao-de-chuvas-isoladas-entre-terca-e-quarta-feira","status":"publish","type":"post","link":"http:\/\/www.funceme.br\/?p=5069","title":{"rendered":"Litoral, Maci\u00e7o e regi\u00e3o Jaguaribana t\u00eam previs\u00e3o de chuvas isoladas entre ter\u00e7a e quarta-feira"},"content":{"rendered":"<p><span style=\"font-weight: 300;\">A previs\u00e3o do tempo para hoje e os pr\u00f3ximos dois dias indica condi\u00e7\u00f5es de chuvas nas \u00e1reas localizadas no centro-norte do Cear\u00e1, principalmente sobre a faixa litor\u00e2nea, conforme atualiza\u00e7\u00e3o realizada pela Funda\u00e7\u00e3o Cearense de Meteorologia e Recursos H\u00eddricos (Funceme) na manh\u00e3 desta ter\u00e7a-feira (11).<\/span><\/p>\n<p><span style=\"font-weight: 300;\">As precipita\u00e7\u00f5es aguardadas est\u00e3o associadas \u00e0 atua\u00e7\u00e3o de um Dist\u00farbio Ondulat\u00f3rio de Leste (DOL), que \u00e9 um sistema indutor de chuvas que costuma formar-se neste per\u00edodo de P\u00f3s-Esta\u00e7\u00e3o. As \u00e1reas de instabilidade geradas por ele dever\u00e3o avan\u00e7ar do oceano Atl\u00e2ntico em dire\u00e7\u00e3o ao continente.<\/span><\/p>\n<p><span style=\"font-weight: 300;\">Para hoje, a previs\u00e3o atualizada \u00e9 de nebulosidade vari\u00e1vel com chuva isolada no litoral, no Maci\u00e7o de Baturit\u00e9 e na regi\u00e3o Jaguaribana. Nas demais \u00e1reas, n\u00e3o h\u00e1 expectativa de precipita\u00e7\u00f5es.<\/span><\/p>\n<p><span style=\"font-weight: 300;\">J\u00e1 para esta quarta-feira (12), a tend\u00eancia \u00e9 que as chuvas atinjam uma maior \u00e1rea, pois a previs\u00e3o indicada pela Funceme \u00e9 de eventos de chuva no centro-norte, ou seja, com precipita\u00e7\u00f5es chegando a mais de 50% da \u00e1rea. De forma geral, a cobertura de nuvens sobre o estado seguir\u00e1 variada, com momentos entre c\u00e9u mais claro e maior nebulosidade.<\/span><\/p>\n<p><strong>Chuvas<\/strong><\/p>\n<p><span style=\"font-weight: 300;\">Entre as 7h desta segunda (10) e as 7h de hoje, a Funceme registrou chuvas em, pelo menos, <strong>17 munic\u00edpios.<\/strong> Os principais acumulados foram em <strong>Paraipaba<\/strong> (Posto Paraipaba &#8211; 35 mm) e <strong>Amontada<\/strong> (Posto Icara\u00ed de Amontada &#8211; 31 mm).<\/span><\/p>\n<p><span style=\"font-weight: 300;\">Os dados s\u00e3o preliminares e seguem em atualiza\u00e7\u00e3o. Para acompanhar, basta acessar o link <a href=\"http:\/\/www.funceme.br\/calendario.\">www.funceme.br\/calendario.<\/a><\/span><\/p>\n","protected":false},"excerpt":{"rendered":"<p>A previs\u00e3o do tempo para hoje e os pr\u00f3ximos dois dias indica condi\u00e7\u00f5es de chuvas nas \u00e1reas localizadas no centro-norte do Cear\u00e1, principalmente sobre a faixa litor\u00e2nea, conforme atualiza\u00e7\u00e3o realizada pela Funda\u00e7\u00e3o Cearense de Meteorologia e Recursos H\u00eddricos (Funceme) na manh\u00e3 desta ter\u00e7a-feira (11). As precipita\u00e7\u00f5es aguardadas est\u00e3o associadas \u00e0 atua\u00e7\u00e3o de um Dist\u00farbio Ondulat\u00f3rio [&hellip;]<\/p>\n","protected":false},"author":4,"featured_media":0,"comment_status":"closed","ping_status":"open","sticky":false,"template":"","format":"standard","meta":[],"categories":[81,15],"tags":[47,49,167,45],"acf":[],"_links":{"self":[{"href":"http:\/\/www.funceme.br\/index.php?rest_route=\/wp\/v2\/posts\/5069"}],"collection":[{"href":"http:\/\/www.funceme.br\/index.php?rest_route=\/wp\/v2\/posts"}],"about":[{"href":"http:\/\/www.funceme.br\/index.php?rest_route=\/wp\/v2\/types\/post"}],"author":[{"embeddable":true,"href":"http:\/\/www.funceme.br\/index.php?rest_route=\/wp\/v2\/users\/4"}],"replies":[{"embeddable":true,"href":"http:\/\/www.funceme.br\/index.php?rest_route=%2Fwp%2Fv2%2Fcomments&post=5069"}],"version-history":[{"count":1,"href":"http:\/\/www.funceme.br\/index.php?rest_route=\/wp\/v2\/posts\/5069\/revisions"}],"predecessor-version":[{"id":5070,"href":"http:\/\/www.funceme.br\/index.php?rest_route=\/wp\/v2\/posts\/5069\/revisions\/5070"}],"wp:attachment":[{"href":"http:\/\/www.funceme.br\/index.php?rest_route=%2Fwp%2Fv2%2Fmedia&parent=5069"}],"wp:term":[{"taxonomy":"category","embeddable":true,"href":"http:\/\/www.funceme.br\/index.php?rest_route=%2Fwp%2Fv2%2Fcategories&post=5069"},{"taxonomy":"post_tag","embeddable":true,"href":"http:\/\/www.funceme.br\/index.php?rest_route=%2Fwp%2Fv2%2Ftags&post=5069"}],"curies":[{"name":"wp","href":"https:\/\/api.w.org\/{rel}","templated":true}]}}