{"id":5222,"date":"2019-07-09T10:20:33","date_gmt":"2019-07-09T13:20:33","guid":{"rendered":"http:\/\/www.funceme.br\/?p=5222"},"modified":"2019-07-09T10:24:16","modified_gmt":"2019-07-09T13:24:16","slug":"cariri-e-sertao-central-tem-possibilidade-de-chuva-nesta-terca-feira-indica-previsao-do-tempo","status":"publish","type":"post","link":"http:\/\/www.funceme.br\/?p=5222","title":{"rendered":"Cariri e Sert\u00e3o Central t\u00eam possibilidade de chuva nesta ter\u00e7a-feira, indica previs\u00e3o do tempo"},"content":{"rendered":"<div id=\"attachment_5225\" style=\"width: 778px\" class=\"wp-caption aligncenter\"><a href=\"http:\/\/www.funceme.br\/wp-content\/uploads\/2019\/07\/WhatsApp-Image-2019-07-08-at-13.21.56.jpeg\"><img aria-describedby=\"caption-attachment-5225\" decoding=\"async\" loading=\"lazy\" class=\"wp-image-5225\" src=\"http:\/\/www.funceme.br\/wp-content\/uploads\/2019\/07\/WhatsApp-Image-2019-07-08-at-13.21.56.jpeg\" alt=\"SUl do Cear\u00e1 apresenta, neste momento, maior nebulosidade em rela\u00e7\u00e3o \u00e0s demais \u00e1reas do Cear\u00e1 (FOTO: Marciel Bezerra)\" width=\"768\" height=\"576\" srcset=\"http:\/\/www.funceme.br\/wp-content\/uploads\/2019\/07\/WhatsApp-Image-2019-07-08-at-13.21.56.jpeg 1280w, http:\/\/www.funceme.br\/wp-content\/uploads\/2019\/07\/WhatsApp-Image-2019-07-08-at-13.21.56-600x450.jpeg 600w, http:\/\/www.funceme.br\/wp-content\/uploads\/2019\/07\/WhatsApp-Image-2019-07-08-at-13.21.56-768x576.jpeg 768w, http:\/\/www.funceme.br\/wp-content\/uploads\/2019\/07\/WhatsApp-Image-2019-07-08-at-13.21.56-1200x900.jpeg 1200w\" sizes=\"(max-width: 768px) 100vw, 768px\" \/><\/a><p id=\"caption-attachment-5225\" class=\"wp-caption-text\"><span style=\"color: #6b6b6b;\"><em>Sul do Cear\u00e1 apresenta, neste momento, maior nebulosidade em rela\u00e7\u00e3o \u00e0s demais \u00e1reas do Cear\u00e1 (FOTO: Marciel Bezerra)<\/em><\/span><\/p><\/div>\n<p style=\"text-align: justify;\"><span style=\"font-weight: 300;\">As macrorregi\u00f5es do Cariri e do Sert\u00e3o Central t\u00eam possibilidade de chuva<strong>*<\/strong> ao longo desta ter\u00e7a-feira (9), conforme an\u00e1lise das condi\u00e7\u00f5es de tempo realizada pela Funda\u00e7\u00e3o Cearense de Meteorologia e Recursos H\u00eddricos (Funceme) na manh\u00e3 de hoje.<\/span><\/p>\n<p style=\"text-align: justify;\"><span style=\"font-weight: 300;\">Segundo os meteorologistas do \u00f3rg\u00e3o estadual, nuvens que se encontram pr\u00f3ximo ao sul do Nordeste podem avan\u00e7ar no decorrer do dia e manter uma condi\u00e7\u00e3o de c\u00e9u mais fechado no sul do estado nos per\u00edodos da tarde e noite, principalmente. Nas demais regi\u00f5es, a previs\u00e3o \u00e9 de c\u00e9u parcialmente nublado.<\/span><\/p>\n<p style=\"text-align: justify;\"><span style=\"font-weight: 300;\">Para esta quarta-feira (10), quando h\u00e1 a tend\u00eancia de deslocamento de \u00e1reas de instabilidade do oceano em dire\u00e7\u00e3o ao continente, a previs\u00e3o \u00e9 de c\u00e9u com cobertura variada e possibilidade de chuva no litoral &#8211; incluindo Fortaleza -, no Maci\u00e7o de Baturit\u00e9, na regi\u00e3o Jaguaribana e no Sert\u00e3o Central,\u00a0<\/span><\/p>\n<p style=\"text-align: justify;\"><span style=\"font-weight: 300;\">Os resultados do modelos num\u00e9ricos de previs\u00e3o &#8211; tecnologia que se baseia em informa\u00e7\u00f5es atuais da atmosfera mais dados matem\u00e1ticos -, aparentemente, as chuvas previstas devem ser de intensidade fraca \u00e0 moderada.<\/span><\/p>\n<h6 style=\"text-align: justify;\"><em><span style=\"font-weight: 300;\">*possibilidade de chuva \u00e9 a classifica\u00e7\u00e3o que indica precipita\u00e7\u00f5es de 5% a 20% da \u00e1rea sob previs\u00e3o.<\/span><\/em><\/h6>\n","protected":false},"excerpt":{"rendered":"<p>As macrorregi\u00f5es do Cariri e do Sert\u00e3o Central t\u00eam possibilidade de chuva* ao longo desta ter\u00e7a-feira (9), conforme an\u00e1lise das condi\u00e7\u00f5es de tempo realizada pela Funda\u00e7\u00e3o Cearense de Meteorologia e Recursos H\u00eddricos (Funceme) na manh\u00e3 de hoje. Segundo os meteorologistas do \u00f3rg\u00e3o estadual, nuvens que se encontram pr\u00f3ximo ao sul do Nordeste podem avan\u00e7ar no [&hellip;]<\/p>\n","protected":false},"author":4,"featured_media":5225,"comment_status":"closed","ping_status":"open","sticky":false,"template":"","format":"standard","meta":[],"categories":[81,15],"tags":[50,300],"acf":[],"_links":{"self":[{"href":"http:\/\/www.funceme.br\/index.php?rest_route=\/wp\/v2\/posts\/5222"}],"collection":[{"href":"http:\/\/www.funceme.br\/index.php?rest_route=\/wp\/v2\/posts"}],"about":[{"href":"http:\/\/www.funceme.br\/index.php?rest_route=\/wp\/v2\/types\/post"}],"author":[{"embeddable":true,"href":"http:\/\/www.funceme.br\/index.php?rest_route=\/wp\/v2\/users\/4"}],"replies":[{"embeddable":true,"href":"http:\/\/www.funceme.br\/index.php?rest_route=%2Fwp%2Fv2%2Fcomments&post=5222"}],"version-history":[{"count":3,"href":"http:\/\/www.funceme.br\/index.php?rest_route=\/wp\/v2\/posts\/5222\/revisions"}],"predecessor-version":[{"id":5226,"href":"http:\/\/www.funceme.br\/index.php?rest_route=\/wp\/v2\/posts\/5222\/revisions\/5226"}],"wp:featuredmedia":[{"embeddable":true,"href":"http:\/\/www.funceme.br\/index.php?rest_route=\/wp\/v2\/media\/5225"}],"wp:attachment":[{"href":"http:\/\/www.funceme.br\/index.php?rest_route=%2Fwp%2Fv2%2Fmedia&parent=5222"}],"wp:term":[{"taxonomy":"category","embeddable":true,"href":"http:\/\/www.funceme.br\/index.php?rest_route=%2Fwp%2Fv2%2Fcategories&post=5222"},{"taxonomy":"post_tag","embeddable":true,"href":"http:\/\/www.funceme.br\/index.php?rest_route=%2Fwp%2Fv2%2Ftags&post=5222"}],"curies":[{"name":"wp","href":"https:\/\/api.w.org\/{rel}","templated":true}]}}