{"id":5271,"date":"2019-07-15T14:20:20","date_gmt":"2019-07-15T17:20:20","guid":{"rendered":"http:\/\/www.funceme.br\/?p=5271"},"modified":"2019-07-19T12:50:10","modified_gmt":"2019-07-19T15:50:10","slug":"funceme-ufc-embrapa-e-universidade-de-wageningen-firmam-parceria-nas-areas-de-ciencias-ambientais-e-sociais","status":"publish","type":"post","link":"http:\/\/www.funceme.br\/?p=5271","title":{"rendered":"Funceme, UFC, Embrapa e Universidade de Wageningen firmam parceria nas \u00e1reas de ci\u00eancias ambientais e sociais"},"content":{"rendered":"<div id=\"attachment_5272\" style=\"width: 778px\" class=\"wp-caption aligncenter\"><a href=\"http:\/\/www.funceme.br\/wp-content\/uploads\/2019\/07\/48266898176_3ce2996587_k.jpg\"><img aria-describedby=\"caption-attachment-5272\" decoding=\"async\" loading=\"lazy\" class=\"wp-image-5272\" src=\"http:\/\/www.funceme.br\/wp-content\/uploads\/2019\/07\/48266898176_3ce2996587_k.jpg\" alt=\"Assinatura de parceria entre UFC e Universidade de Wageningen (FOTO: Viktor Braga)\" width=\"768\" height=\"512\" srcset=\"http:\/\/www.funceme.br\/wp-content\/uploads\/2019\/07\/48266898176_3ce2996587_k.jpg 2047w, http:\/\/www.funceme.br\/wp-content\/uploads\/2019\/07\/48266898176_3ce2996587_k-600x400.jpg 600w, http:\/\/www.funceme.br\/wp-content\/uploads\/2019\/07\/48266898176_3ce2996587_k-768x512.jpg 768w, http:\/\/www.funceme.br\/wp-content\/uploads\/2019\/07\/48266898176_3ce2996587_k-1200x800.jpg 1200w\" sizes=\"(max-width: 768px) 100vw, 768px\" \/><\/a><p id=\"caption-attachment-5272\" class=\"wp-caption-text\">Assinatura de parceria entre UFC e Universidade de Wageningen (FOTO: Viktor Braga)<\/p><\/div>\n<p style=\"text-align: justify;\">A Funda\u00e7\u00e3o Cearense de Meteorologia e Recursos H\u00eddricos (Funceme), a Universidade Federal do Cear\u00e1 (UFC), Empresa Brasileira de Pesquisa Agropecu\u00e1ria (Embrapa) e a <strong>Universidade de Wageningen<\/strong>, da Holanda, firmaram parceria para promover e acelerar o progresso de pesquisas nas \u00e1reas de <strong>ci\u00eancias ambientais e sociais<\/strong>. O memorando de entendimento foi assinado na tarde desta sexta-feira (12) pelo reitor da UFC, Henry Campos, e pelo representante da institui\u00e7\u00e3o holandesa, Prof. Pieter van Oel, durante reuni\u00e3o na Reitoria.<\/p>\n<p style=\"text-align: justify;\">A ideia \u00e9 que as universidades desenvolvam conjuntamente pesquisas e outras atividades acad\u00eamicas especialmente no gerenciamento de recursos h\u00eddricos, agricultura e vegeta\u00e7\u00e3o, levando em conta os aspectos sociais envolvidos nessas tem\u00e1ticas. Al\u00e9m disso, h\u00e1 interesse m\u00fatuo tamb\u00e9m nas \u00e1reas de administra\u00e7\u00e3o, economia e contabilidade, envolvendo temas como efici\u00eancia, sustentabilidade, boas pr\u00e1ticas de gest\u00e3o, log\u00edstica, responsabilidade social, entre outros.<\/p>\n<p style=\"text-align: justify;\">O acordo prev\u00ea ainda a possibilidade de <strong>duplo diploma em programas de p\u00f3s-gradua\u00e7\u00e3o<\/strong>, a participa\u00e7\u00e3o conjunta em editais de fomento \u00e0 pesquisa no Brasil e na Holanda, interc\u00e2mbio de professores e alunos, e mobilidade acad\u00eamica de estudantes. A parceria tem vig\u00eancia inicial de tr\u00eas anos, com possibilidade de prorroga\u00e7\u00e3o ao fim desse per\u00edodo.<\/p>\n<p style=\"text-align: justify;\">&#8220;Esse acordo vem fortalecer nosso processo de internacionaliza\u00e7\u00e3o em \u00e1reas que para n\u00f3s s\u00e3o priorit\u00e1rias e nas quais a UFC tem excel\u00eancia, como recursos h\u00eddricos e mudan\u00e7as clim\u00e1ticas&#8221;, disse o reitor Henry Campos. Segundo ele, o conv\u00eanio deve ser ampliado nos pr\u00f3ximos anos.<\/p>\n<p style=\"text-align: justify;\">O presidente da Funceme, Eduardo S\u00e1vio Martins, destacou que a assinatura do termo tende a refor\u00e7ar a parceria que j\u00e1 existe entre a Universidade Wageningen e a UFC, facilitando o interc\u00e2mbio entre pesquisadores e alunos. &#8220;H\u00e1 o interesse m\u00fatuo de, futuramente, termos um programa de cotutela. Ent\u00e3o, esse \u00e9 o primeiro marco, no qual todas as a\u00e7\u00f5es se baseiam&#8221;, explicou.<\/p>\n<p style=\"text-align: justify;\">&#8220;Estamos felizes em trabalhar junto com a UFC e com outros parceiros aqui no Cear\u00e1, como Funcemr e Embrapa, porque realmente precisamos de colabora\u00e7\u00e3o cient\u00edfica no intuito de encontrar solu\u00e7\u00f5es para a situa\u00e7\u00e3o de seca, que aqui tem sido t\u00e3o presente nos \u00faltimos anos&#8221;, disse o Prof. Pieter van Oel, que trabalha com gerenciamento de recursos h\u00eddricos na Universidade de Wageningen e j\u00e1 desenvolve pesquisas em reservat\u00f3rios cearenses. Ele acrescentou que h\u00e1 v\u00e1rios alunos holandeses motivados em desenvolver trabalhos aqui e contribuir para o benef\u00edcio da popula\u00e7\u00e3o.<\/p>\n<p style=\"text-align: justify;\">Tamb\u00e9m participaram da reuni\u00e3o o pr\u00f3-reitor de Rela\u00e7\u00f5es Internacionais, Prof. Jos\u00e9 Soares, o Prof. Francisco de Assis de Souza Filho, do Departamento de Engenharia Hidr\u00e1ulica e Ambiental, e o Prof. Vicente Cris\u00f3stomo, coordenador do Programa de P\u00f3s-Gradua\u00e7\u00e3o em Administra\u00e7\u00e3o e Controladoria, al\u00e9m de estudantes e professores holandeses.<\/p>\n<p><strong>Fonte<\/strong>: Coordenadoria de Comunica\u00e7\u00e3o Social e Marketing Institucional da UFC<\/p>\n","protected":false},"excerpt":{"rendered":"<p>A Funda\u00e7\u00e3o Cearense de Meteorologia e Recursos H\u00eddricos (Funceme), a Universidade Federal do Cear\u00e1 (UFC), Empresa Brasileira de Pesquisa Agropecu\u00e1ria (Embrapa) e a Universidade de Wageningen, da Holanda, firmaram parceria para promover e acelerar o progresso de pesquisas nas \u00e1reas de ci\u00eancias ambientais e sociais. O memorando de entendimento foi assinado na tarde desta sexta-feira [&hellip;]<\/p>\n","protected":false},"author":4,"featured_media":5272,"comment_status":"closed","ping_status":"open","sticky":false,"template":"","format":"standard","meta":[],"categories":[268,15],"tags":[63,307,93,308],"acf":[],"_links":{"self":[{"href":"http:\/\/www.funceme.br\/index.php?rest_route=\/wp\/v2\/posts\/5271"}],"collection":[{"href":"http:\/\/www.funceme.br\/index.php?rest_route=\/wp\/v2\/posts"}],"about":[{"href":"http:\/\/www.funceme.br\/index.php?rest_route=\/wp\/v2\/types\/post"}],"author":[{"embeddable":true,"href":"http:\/\/www.funceme.br\/index.php?rest_route=\/wp\/v2\/users\/4"}],"replies":[{"embeddable":true,"href":"http:\/\/www.funceme.br\/index.php?rest_route=%2Fwp%2Fv2%2Fcomments&post=5271"}],"version-history":[{"count":1,"href":"http:\/\/www.funceme.br\/index.php?rest_route=\/wp\/v2\/posts\/5271\/revisions"}],"predecessor-version":[{"id":5273,"href":"http:\/\/www.funceme.br\/index.php?rest_route=\/wp\/v2\/posts\/5271\/revisions\/5273"}],"wp:featuredmedia":[{"embeddable":true,"href":"http:\/\/www.funceme.br\/index.php?rest_route=\/wp\/v2\/media\/5272"}],"wp:attachment":[{"href":"http:\/\/www.funceme.br\/index.php?rest_route=%2Fwp%2Fv2%2Fmedia&parent=5271"}],"wp:term":[{"taxonomy":"category","embeddable":true,"href":"http:\/\/www.funceme.br\/index.php?rest_route=%2Fwp%2Fv2%2Fcategories&post=5271"},{"taxonomy":"post_tag","embeddable":true,"href":"http:\/\/www.funceme.br\/index.php?rest_route=%2Fwp%2Fv2%2Ftags&post=5271"}],"curies":[{"name":"wp","href":"https:\/\/api.w.org\/{rel}","templated":true}]}}