{"id":5309,"date":"2019-07-22T09:04:16","date_gmt":"2019-07-22T12:04:16","guid":{"rendered":"http:\/\/www.funceme.br\/?p=5309"},"modified":"2019-07-23T09:51:48","modified_gmt":"2019-07-23T12:51:48","slug":"litoral-sertao-central-e-jaguaribana-tem-possibilidade-de-chuva-condicoes-reduzem-entre-terca-e-quarta","status":"publish","type":"post","link":"http:\/\/www.funceme.br\/?p=5309","title":{"rendered":"Litoral e regi\u00e3o Jaguaribana seguem com possibilidade de chuva"},"content":{"rendered":"<div id=\"attachment_5310\" style=\"width: 778px\" class=\"wp-caption aligncenter\"><a href=\"http:\/\/www.funceme.br\/wp-content\/uploads\/2019\/07\/WhatsApp-Image-2019-07-21-at-07.54.45.jpeg\"><img aria-describedby=\"caption-attachment-5310\" decoding=\"async\" loading=\"lazy\" class=\"wp-image-5310\" src=\"http:\/\/www.funceme.br\/wp-content\/uploads\/2019\/07\/WhatsApp-Image-2019-07-21-at-07.54.45.jpeg\" alt=\"Fim de semana foi de chuva leve, mas condi\u00e7\u00f5es reduzir\u00e3o ao longo da semana (FOTO: Marciel Bezerra)\" width=\"768\" height=\"576\" srcset=\"http:\/\/www.funceme.br\/wp-content\/uploads\/2019\/07\/WhatsApp-Image-2019-07-21-at-07.54.45.jpeg 1280w, http:\/\/www.funceme.br\/wp-content\/uploads\/2019\/07\/WhatsApp-Image-2019-07-21-at-07.54.45-600x450.jpeg 600w, http:\/\/www.funceme.br\/wp-content\/uploads\/2019\/07\/WhatsApp-Image-2019-07-21-at-07.54.45-768x576.jpeg 768w, http:\/\/www.funceme.br\/wp-content\/uploads\/2019\/07\/WhatsApp-Image-2019-07-21-at-07.54.45-1200x900.jpeg 1200w\" sizes=\"(max-width: 768px) 100vw, 768px\" \/><\/a><p id=\"caption-attachment-5310\" class=\"wp-caption-text\"><span style=\"color: #6b6b6b;\"><em>Fim de semana foi de chuva leve, mas condi\u00e7\u00f5es reduzir\u00e3o ao longo da semana (FOTO: Marciel Bezerra)<\/em><\/span><\/p><\/div>\n<p style=\"text-align: justify;\"><span style=\"font-weight: 300;\">A faixa litor\u00e2nea e a regi\u00e3o Jaguaribana seguem com possibilidade de chuva entre ter\u00e7a (23) e esta quarta-feira (24). Havia expectativa de redu\u00e7\u00e3o das condi\u00e7\u00f5es entre hoje e amanh\u00e3, por\u00e9m, \u00e1reas de instabilidade seguem contribuindo para cen\u00e1rio favor\u00e1vel.<\/span><\/p>\n<p style=\"text-align: justify;\"><span style=\"font-weight: 300;\">Conforme an\u00e1lise das condi\u00e7\u00f5es atmosf\u00e9ricas realizada na manh\u00e3 de hoje pela Funda\u00e7\u00e3o Cearense de Meteorologia e Recursos H\u00eddricos (Funceme), ainda h\u00e1 expressiva nebulosidade pr\u00f3ximo\u00a0 ao territ\u00f3rio do estado, ainda associadas \u00e0 atua\u00e7\u00e3o de \u00e1reas de instabilidade que\u00a0 se formaram no leste da regi\u00e3o Nordeste.<\/span><\/p>\n<p style=\"text-align: justify;\"><span style=\"font-weight: 300;\">Apesar da possibilidade da possibilidade de chuva, a tend\u00eancia \u00e9 que seja de intensidade variando entre leve e moderada, como observado entre esta segunda e a manh\u00e3 de hoje.<\/span><\/p>\n<p style=\"text-align: justify;\"><strong>Balan\u00e7o<\/strong><\/p>\n<p style=\"text-align: justify;\"><span style=\"font-weight: 300;\">No intervalo entre as 7h de ontem e as 7h de hoje, o balan\u00e7o preliminar indica registros de chuva em, pelo menos, 68 munic\u00edpios. Pacatuba (69,2 mm) e Guaramiranga (49 mm) tiveram os maiores acumulados.<\/span><\/p>\n<p style=\"text-align: justify;\"><span style=\"font-weight: 300;\">Os dados s\u00e3o parciais e ser\u00e3o atualizados diariamente. Para acompanhar, basta acessar <strong>www.funceme.br\/calendario<\/strong> ou ainda baixar o app \u2018<strong>Calend\u00e1rio de Chuvas<\/strong>\u2019, dispon\u00edvel para Android e iOs.<\/span><\/p>\n","protected":false},"excerpt":{"rendered":"<p>A faixa litor\u00e2nea e a regi\u00e3o Jaguaribana seguem com possibilidade de chuva entre ter\u00e7a (23) e esta quarta-feira (24). Havia expectativa de redu\u00e7\u00e3o das condi\u00e7\u00f5es entre hoje e amanh\u00e3, por\u00e9m, \u00e1reas de instabilidade seguem contribuindo para cen\u00e1rio favor\u00e1vel. Conforme an\u00e1lise das condi\u00e7\u00f5es atmosf\u00e9ricas realizada na manh\u00e3 de hoje pela Funda\u00e7\u00e3o Cearense de Meteorologia e Recursos [&hellip;]<\/p>\n","protected":false},"author":4,"featured_media":5310,"comment_status":"closed","ping_status":"open","sticky":false,"template":"","format":"standard","meta":[],"categories":[81,15],"tags":[48,101,300],"acf":[],"_links":{"self":[{"href":"http:\/\/www.funceme.br\/index.php?rest_route=\/wp\/v2\/posts\/5309"}],"collection":[{"href":"http:\/\/www.funceme.br\/index.php?rest_route=\/wp\/v2\/posts"}],"about":[{"href":"http:\/\/www.funceme.br\/index.php?rest_route=\/wp\/v2\/types\/post"}],"author":[{"embeddable":true,"href":"http:\/\/www.funceme.br\/index.php?rest_route=\/wp\/v2\/users\/4"}],"replies":[{"embeddable":true,"href":"http:\/\/www.funceme.br\/index.php?rest_route=%2Fwp%2Fv2%2Fcomments&post=5309"}],"version-history":[{"count":6,"href":"http:\/\/www.funceme.br\/index.php?rest_route=\/wp\/v2\/posts\/5309\/revisions"}],"predecessor-version":[{"id":5317,"href":"http:\/\/www.funceme.br\/index.php?rest_route=\/wp\/v2\/posts\/5309\/revisions\/5317"}],"wp:featuredmedia":[{"embeddable":true,"href":"http:\/\/www.funceme.br\/index.php?rest_route=\/wp\/v2\/media\/5310"}],"wp:attachment":[{"href":"http:\/\/www.funceme.br\/index.php?rest_route=%2Fwp%2Fv2%2Fmedia&parent=5309"}],"wp:term":[{"taxonomy":"category","embeddable":true,"href":"http:\/\/www.funceme.br\/index.php?rest_route=%2Fwp%2Fv2%2Fcategories&post=5309"},{"taxonomy":"post_tag","embeddable":true,"href":"http:\/\/www.funceme.br\/index.php?rest_route=%2Fwp%2Fv2%2Ftags&post=5309"}],"curies":[{"name":"wp","href":"https:\/\/api.w.org\/{rel}","templated":true}]}}