{"id":5360,"date":"2019-08-01T08:43:13","date_gmt":"2019-08-01T11:43:13","guid":{"rendered":"http:\/\/www.funceme.br\/?p=5360"},"modified":"2019-08-01T08:43:13","modified_gmt":"2019-08-01T11:43:13","slug":"chuvas-de-pos-estacao-sao-melhores-do-que-em-2018","status":"publish","type":"post","link":"http:\/\/www.funceme.br\/?p=5360","title":{"rendered":"Chuvas de P\u00f3s-Esta\u00e7\u00e3o s\u00e3o melhores do que em 2018"},"content":{"rendered":"<p dir=\"ltr\" style=\"text-align: justify;\">As chuvas de P\u00f3s-Esta\u00e7\u00e3o no Cear\u00e1 ficaram 7,4% abaixo da normal climatol\u00f3gica, conforme dados parciais da Funda\u00e7\u00e3o Cearense de Meteorologia e Recursos H\u00eddricos (Funceme). Apesar do desvio negativo, a m\u00e9dia observada, que foi de 49 mm &#8211; \u00e9 maior do que a do mesmo per\u00edodo de 2018, quando o estado apresentou 24,4 mm.<\/p>\n<p dir=\"ltr\" style=\"text-align: justify;\">Durante os meses de junho e julho, as precipita\u00e7\u00f5es foram provocadas por sistemas comuns deste per\u00edodo como os Dist\u00farbios Ondulat\u00f3rios de Leste (DOL) e ainda \u00e1reas de instabilidade que se formaram pr\u00f3ximo dos estados vizinhos ao Cear\u00e1.<\/p>\n<p dir=\"ltr\" style=\"text-align: justify;\">Apesar do acumulado maior do que o do ano passado, as chuvas de P\u00f3s-Esta\u00e7\u00e3o s\u00e3o comumente mais escassas em rela\u00e7\u00e3o ao per\u00edodo da quadra chuvosa &#8211; fevereiro a maio -, que possui normal de 600,7 mm. Al\u00e9m disto, segundo a Funceme, a m\u00e9dia de precipita\u00e7\u00f5es do \u00faltima bimestre representa apenas cerca 6% do total esperado para o ano todo.<\/p>\n<p dir=\"ltr\" style=\"text-align: justify;\"><b>Aten\u00e7\u00e3o<\/b><\/p>\n<p dir=\"ltr\" style=\"text-align: justify;\">As chuvas registradas em junho e julho deste ano tamb\u00e9m n\u00e3o colaboraram para aporte significativo dos a\u00e7udes, principalmente porque, al\u00e9m de apresentarem acumulados pouco intensas, ficaram mais restritas ao norte do Cear\u00e1. Neste momento, dos 155 reservat\u00f3rios monitorados pela Companhia de Gest\u00e3o dos Recursos H\u00eddricos (Cogerh), 76 est\u00e3o com volume abaixo dos 30%.<\/p>\n<p dir=\"ltr\" style=\"text-align: justify;\">\u201cA expectativa \u00e9 que as chuvas continuem reduzindo at\u00e9, pelo menos, o m\u00eas de novembro. Isto \u00e9 uma caracter\u00edstica clim\u00e1tica do segundo semestre no Cear\u00e1. Para este per\u00edodo s\u00e3o esperados ainda registros de baixa umidade relativa do ar, isto \u00e9, tempo mais seco, principalmente no interior do estado\u201d, comenta o meteorologista David Ferran.<\/p>\n","protected":false},"excerpt":{"rendered":"<p>As chuvas de P\u00f3s-Esta\u00e7\u00e3o no Cear\u00e1 ficaram 7,4% abaixo da normal climatol\u00f3gica, conforme dados parciais da Funda\u00e7\u00e3o Cearense de Meteorologia e Recursos H\u00eddricos (Funceme). Apesar do desvio negativo, a m\u00e9dia observada, que foi de 49 mm &#8211; \u00e9 maior do que a do mesmo per\u00edodo de 2018, quando o estado apresentou 24,4 mm. Durante os [&hellip;]<\/p>\n","protected":false},"author":4,"featured_media":0,"comment_status":"closed","ping_status":"open","sticky":false,"template":"","format":"standard","meta":[],"categories":[81,15],"tags":[47,297,274,275],"acf":[],"_links":{"self":[{"href":"http:\/\/www.funceme.br\/index.php?rest_route=\/wp\/v2\/posts\/5360"}],"collection":[{"href":"http:\/\/www.funceme.br\/index.php?rest_route=\/wp\/v2\/posts"}],"about":[{"href":"http:\/\/www.funceme.br\/index.php?rest_route=\/wp\/v2\/types\/post"}],"author":[{"embeddable":true,"href":"http:\/\/www.funceme.br\/index.php?rest_route=\/wp\/v2\/users\/4"}],"replies":[{"embeddable":true,"href":"http:\/\/www.funceme.br\/index.php?rest_route=%2Fwp%2Fv2%2Fcomments&post=5360"}],"version-history":[{"count":1,"href":"http:\/\/www.funceme.br\/index.php?rest_route=\/wp\/v2\/posts\/5360\/revisions"}],"predecessor-version":[{"id":5361,"href":"http:\/\/www.funceme.br\/index.php?rest_route=\/wp\/v2\/posts\/5360\/revisions\/5361"}],"wp:attachment":[{"href":"http:\/\/www.funceme.br\/index.php?rest_route=%2Fwp%2Fv2%2Fmedia&parent=5360"}],"wp:term":[{"taxonomy":"category","embeddable":true,"href":"http:\/\/www.funceme.br\/index.php?rest_route=%2Fwp%2Fv2%2Fcategories&post=5360"},{"taxonomy":"post_tag","embeddable":true,"href":"http:\/\/www.funceme.br\/index.php?rest_route=%2Fwp%2Fv2%2Ftags&post=5360"}],"curies":[{"name":"wp","href":"https:\/\/api.w.org\/{rel}","templated":true}]}}