{"id":5415,"date":"2019-08-13T09:59:14","date_gmt":"2019-08-13T12:59:14","guid":{"rendered":"http:\/\/www.funceme.br\/?p=5415"},"modified":"2019-08-13T11:28:48","modified_gmt":"2019-08-13T14:28:48","slug":"tempo-seco-ceara-registra-niveis-de-alerta-para-umidade-relativa-no-ar","status":"publish","type":"post","link":"http:\/\/www.funceme.br\/?p=5415","title":{"rendered":"Cear\u00e1 registra n\u00edveis de alerta para umidade relativa no ar"},"content":{"rendered":"<div id=\"attachment_5416\" style=\"width: 778px\" class=\"wp-caption aligncenter\"><a href=\"http:\/\/www.funceme.br\/wp-content\/uploads\/2019\/08\/calor.jpg\"><img aria-describedby=\"caption-attachment-5416\" decoding=\"async\" loading=\"lazy\" class=\"wp-image-5416\" src=\"http:\/\/www.funceme.br\/wp-content\/uploads\/2019\/08\/calor.jpg\" alt=\"Baixa umidade do ar requer cuidados com a sa\u00fade (FOTO: Donald Miralle)\" width=\"768\" height=\"512\" srcset=\"http:\/\/www.funceme.br\/wp-content\/uploads\/2019\/08\/calor.jpg 1024w, http:\/\/www.funceme.br\/wp-content\/uploads\/2019\/08\/calor-600x400.jpg 600w, http:\/\/www.funceme.br\/wp-content\/uploads\/2019\/08\/calor-768x512.jpg 768w\" sizes=\"(max-width: 768px) 100vw, 768px\" \/><\/a><p id=\"caption-attachment-5416\" class=\"wp-caption-text\"><span style=\"color: #6b6b6b;\"><em>Baixa umidade do ar requer cuidados com a sa\u00fade (FOTO: Donald Miralle)<\/em><\/span><\/p><\/div>\n<p style=\"text-align: justify;\">Munic\u00edpios do Cear\u00e1 localizados no centro-sul v\u00eam apresentando, neste m\u00eas de agosto, taxas cr\u00edticas de umidade relativa do ar. De acordo com dados da Funda\u00e7\u00e3o Cearense de Meteorologia e Recursos H\u00eddricos (Funceme), os \u00edndices t\u00eam chegado pr\u00f3ximo dos 20%.<\/p>\n<p>Neste per\u00edodo do ano, j\u00e1 \u00e9 comum que a umidade reduza em rela\u00e7\u00e3o aos per\u00edodos de chuva do primeiro semestre, por exemplo. De acordo com o meteorologista da Funceme Raul Fritz, nesta \u00e9poca do ano formam-se grandes massas atmosf\u00e9ricas de ar seco no pa\u00eds, principalmente pelo seu interior.<\/p>\n<p>\u201cNo Cear\u00e1, isso tamb\u00e9m acontece\u00a0notadamente nas regi\u00f5es distantes do litoral. Mais para o interior do estado, as massas de ar seco s\u00e3o mais comuns e mais intensas nesta \u00e9poca\u201d, explica o pesquisador.<\/p>\n<p>Neste m\u00eas de agosto, a Funceme j\u00e1 registrou n\u00edveis de alerta nos munic\u00edpios de\u00a0<strong>Tau\u00e1, Jaguaribe, Iguatu e Quixeramobim<\/strong>\u00a0com, respectivamente, 15%, 15%, 17% e 19%. Tais dados foram observados no \u00faltimo fim de semana. J\u00e1 entre esta segunda (12) e esta ter\u00e7a-feira (13), os n\u00edveis mais baixos ficaram em torno dos 20%, tamb\u00e9m naquelas mesmas cidades.<\/p>\n<p>A Organiza\u00e7\u00e3o Mundial da Sa\u00fade (OMS) considera como ideal a umidade do ar acima de 60%. \u00c9 considerado estado de observa\u00e7\u00e3o quando a umidade apresenta entre 31% a 40%. Quando ela fica abaixo dos 30%, classifica-se como aten\u00e7\u00e3o. J\u00e1 entre 12% e 20%, \u00e9 considerado estado de alerta. Por fim, abaixo disso, \u00e9 considerado estado de emerg\u00eancia.<\/p>\n<p><strong>Baixa umidade x alta temperatura<\/strong><\/p>\n<p>Fritz comenta que, al\u00e9m das baixas umidades neste per\u00edodo do ano, as temperaturas mais altas tamb\u00e9m colaboram para o tempo mais seco. De forma geral, os baixos \u00edndices de umidade relativa do ar e os valores extremos de temperatura m\u00e1xima acontecem entre o in\u00edcio e o meio da tarde.<\/p>\n<p>&#8220;Se o conte\u00fado de vapor d\u2019\u00e1gua na atmosfera permanece o mesmo e a temperatura do ar se eleva, a umidade relativa do ar diminui. Da\u00ed a umidade do ar atingir seus valores m\u00ednimos, no dia, quando as temperaturas do ar s\u00e3o as maiores&#8221;, explica Raul.<\/p>\n<p>Nas \u00faltimas 24 horas, Reden\u00e7\u00e3o registrou a maior temperatura\u00a0do estado com 37,4\u00b0C. Sobral, com 37,3\u00b0C veio logo depois. J\u00e1 em Fortaleza, entre segunda e hoje, a m\u00e1xima atingiu 32,5\u00b0C.<\/p>\n","protected":false},"excerpt":{"rendered":"<p>Munic\u00edpios do Cear\u00e1 localizados no centro-sul v\u00eam apresentando, neste m\u00eas de agosto, taxas cr\u00edticas de umidade relativa do ar. De acordo com dados da Funda\u00e7\u00e3o Cearense de Meteorologia e Recursos H\u00eddricos (Funceme), os \u00edndices t\u00eam chegado pr\u00f3ximo dos 20%. Neste per\u00edodo do ano, j\u00e1 \u00e9 comum que a umidade reduza em rela\u00e7\u00e3o aos per\u00edodos de [&hellip;]<\/p>\n","protected":false},"author":4,"featured_media":5416,"comment_status":"closed","ping_status":"open","sticky":false,"template":"","format":"standard","meta":[],"categories":[81,15],"tags":[317,67,66,57,92],"acf":[],"_links":{"self":[{"href":"http:\/\/www.funceme.br\/index.php?rest_route=\/wp\/v2\/posts\/5415"}],"collection":[{"href":"http:\/\/www.funceme.br\/index.php?rest_route=\/wp\/v2\/posts"}],"about":[{"href":"http:\/\/www.funceme.br\/index.php?rest_route=\/wp\/v2\/types\/post"}],"author":[{"embeddable":true,"href":"http:\/\/www.funceme.br\/index.php?rest_route=\/wp\/v2\/users\/4"}],"replies":[{"embeddable":true,"href":"http:\/\/www.funceme.br\/index.php?rest_route=%2Fwp%2Fv2%2Fcomments&post=5415"}],"version-history":[{"count":5,"href":"http:\/\/www.funceme.br\/index.php?rest_route=\/wp\/v2\/posts\/5415\/revisions"}],"predecessor-version":[{"id":5422,"href":"http:\/\/www.funceme.br\/index.php?rest_route=\/wp\/v2\/posts\/5415\/revisions\/5422"}],"wp:featuredmedia":[{"embeddable":true,"href":"http:\/\/www.funceme.br\/index.php?rest_route=\/wp\/v2\/media\/5416"}],"wp:attachment":[{"href":"http:\/\/www.funceme.br\/index.php?rest_route=%2Fwp%2Fv2%2Fmedia&parent=5415"}],"wp:term":[{"taxonomy":"category","embeddable":true,"href":"http:\/\/www.funceme.br\/index.php?rest_route=%2Fwp%2Fv2%2Fcategories&post=5415"},{"taxonomy":"post_tag","embeddable":true,"href":"http:\/\/www.funceme.br\/index.php?rest_route=%2Fwp%2Fv2%2Ftags&post=5415"}],"curies":[{"name":"wp","href":"https:\/\/api.w.org\/{rel}","templated":true}]}}