{"id":5496,"date":"2019-08-28T10:45:50","date_gmt":"2019-08-28T13:45:50","guid":{"rendered":"http:\/\/www.funceme.br\/?p=5496"},"modified":"2019-08-28T11:14:43","modified_gmt":"2019-08-28T14:14:43","slug":"barro-no-cariri-registra-152c-na-manha-desta-quarta-feira","status":"publish","type":"post","link":"http:\/\/www.funceme.br\/?p=5496","title":{"rendered":"Barro, no Cariri, registra 15,2\u00b0C na manh\u00e3 desta quarta-feira"},"content":{"rendered":"<p style=\"text-align: justify;\">O munic\u00edpio de Barro, localizado na macrorregi\u00e3o do Cariri, registrou, no in\u00edcio da manh\u00e3 desta quarta-feira (28),<strong> temperatura m\u00ednima absoluta de 15,2\u00b0C<\/strong>, conforme registro da Plataforma de Coleta de Dados (PCD) da Funda\u00e7\u00e3o Cearense de Meteorologia e Recursos H\u00eddricos (Funceme).<\/p>\n<p>Segundo a rede de monitoramento da Funceme, \u00e9 um dos menores registros do Cear\u00e1 neste m\u00eas de agosto entre os munic\u00edpios monitorados pelo \u00f3rg\u00e3o estadual e tamb\u00e9m pelo Instituto Nacional de Meteorologia (Inmet). O valor extremo, que trata de um <strong>dado pontual observado em um intervalo de uma hora<\/strong>, aconteceu \u00e0s 6h de hoje.<\/p>\n<p>At\u00e9 este momento, a menor temperatura do m\u00eas de agosto \u00e9 14,9\u00b0C, registrada em Parambu, munic\u00edpio do Sert\u00e3o Central e Inhamuns, no \u00faltimo dia 10.<\/p>\n<p><strong>Inverno<\/strong><\/p>\n<p>De acordo com o meteorologista da Funceme, Raul Fritz, \u00e9 comum, nesse per\u00edodo do ano, que marca a passagem entre o inverno e a primavera no hemisf\u00e9rio sul da terra, se observarem temperaturas do ar um pouco mais baixas no Cear\u00e1, mesmo o estado estando t\u00e3o pr\u00f3ximo da Linha do Equador.<\/p>\n<p>\u201cNo interior do Cear\u00e1, o resfriamento do ar durante a noite e a madrugada \u00e9 um pouco maior do que em locais em \u00e1reas litor\u00e2neas, de maneira que, nas horas da noite e, principalmente, da madrugada as temperaturas podem cair mais do que no litoral. Enquanto as m\u00e1ximas, durante o dia, s\u00e3o mais altas em localidades do interior, nelas a temperatura m\u00ednima tamb\u00e9m \u00e9 menor do que em localidades pr\u00f3ximas do oceano\u201d, explica o pesquisador.<\/p>\n<p>Fritz refor\u00e7a ainda que, al\u00e9m das condi\u00e7\u00f5es clim\u00e1ticas desta \u00e9poca, vari\u00e1veis meteorol\u00f3gicas como <strong>umidade relativa maior e ventos mais intensos<\/strong> tamb\u00e9m contribuem para reduzir as temperaturas m\u00ednimas em algumas \u00e1reas do interior do estado.<\/p>\n<p><strong>Mais dados<\/strong><\/p>\n<p>Ainda na manh\u00e3 desta quarta, outros munic\u00edpios do sul do Cear\u00e1 tiveram valores expressivos de temperatura m\u00ednima. Segundo a Funceme, <strong>Penaforte<\/strong> registrou 17\u00b0C. J\u00e1 <strong>Campos Sales<\/strong> teve 18,7\u00b0 C e houve m\u00ednima de 20\u00b0C em <strong>Barbalha<\/strong>.<\/p>\n","protected":false},"excerpt":{"rendered":"<p>O munic\u00edpio de Barro, localizado na macrorregi\u00e3o do Cariri, registrou, no in\u00edcio da manh\u00e3 desta quarta-feira (28), temperatura m\u00ednima absoluta de 15,2\u00b0C, conforme registro da Plataforma de Coleta de Dados (PCD) da Funda\u00e7\u00e3o Cearense de Meteorologia e Recursos H\u00eddricos (Funceme). Segundo a rede de monitoramento da Funceme, \u00e9 um dos menores registros do Cear\u00e1 neste [&hellip;]<\/p>\n","protected":false},"author":4,"featured_media":0,"comment_status":"closed","ping_status":"open","sticky":false,"template":"","format":"standard","meta":[],"categories":[81,15],"tags":[323,50,282,324],"acf":[],"_links":{"self":[{"href":"http:\/\/www.funceme.br\/index.php?rest_route=\/wp\/v2\/posts\/5496"}],"collection":[{"href":"http:\/\/www.funceme.br\/index.php?rest_route=\/wp\/v2\/posts"}],"about":[{"href":"http:\/\/www.funceme.br\/index.php?rest_route=\/wp\/v2\/types\/post"}],"author":[{"embeddable":true,"href":"http:\/\/www.funceme.br\/index.php?rest_route=\/wp\/v2\/users\/4"}],"replies":[{"embeddable":true,"href":"http:\/\/www.funceme.br\/index.php?rest_route=%2Fwp%2Fv2%2Fcomments&post=5496"}],"version-history":[{"count":9,"href":"http:\/\/www.funceme.br\/index.php?rest_route=\/wp\/v2\/posts\/5496\/revisions"}],"predecessor-version":[{"id":5506,"href":"http:\/\/www.funceme.br\/index.php?rest_route=\/wp\/v2\/posts\/5496\/revisions\/5506"}],"wp:attachment":[{"href":"http:\/\/www.funceme.br\/index.php?rest_route=%2Fwp%2Fv2%2Fmedia&parent=5496"}],"wp:term":[{"taxonomy":"category","embeddable":true,"href":"http:\/\/www.funceme.br\/index.php?rest_route=%2Fwp%2Fv2%2Fcategories&post=5496"},{"taxonomy":"post_tag","embeddable":true,"href":"http:\/\/www.funceme.br\/index.php?rest_route=%2Fwp%2Fv2%2Ftags&post=5496"}],"curies":[{"name":"wp","href":"https:\/\/api.w.org\/{rel}","templated":true}]}}