{"id":5572,"date":"2019-09-24T10:00:00","date_gmt":"2019-09-24T13:00:00","guid":{"rendered":"http:\/\/www.funceme.br\/?p=5572"},"modified":"2019-09-24T10:18:07","modified_gmt":"2019-09-24T13:18:07","slug":"ceara-tem-chuva-em-cerca-de-30-municipios-sertao-central-concentra-acumulados","status":"publish","type":"post","link":"http:\/\/www.funceme.br\/?p=5572","title":{"rendered":"Cear\u00e1 tem chuva em cerca de 30 munic\u00edpios; Sert\u00e3o Central concentra acumulados"},"content":{"rendered":"<div id=\"attachment_5573\" style=\"width: 778px\" class=\"wp-caption aligncenter\"><a href=\"http:\/\/www.funceme.br\/wp-content\/uploads\/2019\/09\/WhatsApp-Image-2019-09-24-at-09.47.05-1-e1569329928812.jpeg\"><img aria-describedby=\"caption-attachment-5573\" decoding=\"async\" loading=\"lazy\" class=\"wp-image-5573\" src=\"http:\/\/www.funceme.br\/wp-content\/uploads\/2019\/09\/WhatsApp-Image-2019-09-24-at-09.47.05-1-e1569329928812.jpeg\" alt=\"Ap\u00f3s proporcionar chuvas no Cear\u00e1, \u00e1reas de instabilidade j\u00e1 se dissiparam (FOTO: Felipe Lima)\" width=\"768\" height=\"614\" srcset=\"http:\/\/www.funceme.br\/wp-content\/uploads\/2019\/09\/WhatsApp-Image-2019-09-24-at-09.47.05-1-e1569329928812.jpeg 960w, http:\/\/www.funceme.br\/wp-content\/uploads\/2019\/09\/WhatsApp-Image-2019-09-24-at-09.47.05-1-e1569329928812-600x480.jpeg 600w, http:\/\/www.funceme.br\/wp-content\/uploads\/2019\/09\/WhatsApp-Image-2019-09-24-at-09.47.05-1-e1569329928812-768x614.jpeg 768w\" sizes=\"(max-width: 768px) 100vw, 768px\" \/><\/a><p id=\"caption-attachment-5573\" class=\"wp-caption-text\"><span style=\"color: #6b6b6b;\"><em>Ap\u00f3s proporcionar chuvas no Cear\u00e1, \u00e1reas de instabilidade j\u00e1 se dissiparam (FOTO: Felipe Lima)<\/em><\/span><\/p><\/div>\n<p style=\"text-align: justify;\"><span style=\"font-weight: 400;\">O Cear\u00e1 registrou, entre as 7h desta segunda (23) e as 7h desta ter\u00e7a-feira (24), chuvas em, pelo menos,<strong> 27 munic\u00edpios<\/strong>. A maioria das precipita\u00e7\u00f5es aconteceu na macrorregi\u00e3o do Sert\u00e3o Central e Inhamuns, segundo balan\u00e7o parcial da Funda\u00e7\u00e3o Cearense de Meteorologia e Recursos H\u00eddricos (Funceme).<\/span><\/p>\n<p style=\"text-align: justify;\"><span style=\"font-weight: 400;\">Os maiores acumulados deste per\u00edodo de 24 horas foram em <strong>Pedra Branca<\/strong> (37 mm), <strong>Acopiara<\/strong> (37 mm) e <strong>Tau\u00e1<\/strong> (34 mm). Os dados s\u00e3o preliminares e podem ser acompanhados por meio do \u2018<a href=\"http:\/\/www.funceme.br\/app\/calendario\/\">Calend\u00e1rio de Chuvas<\/a>\u2019.<\/span><\/p>\n<p style=\"text-align: justify;\"><span style=\"font-weight: 400;\">As precipita\u00e7\u00f5es pontuais no estado se deram por conta da atua\u00e7\u00e3o de \u00e1reas de instabilidade atmosf\u00e9rica que se formaram no leste da regi\u00e3o Nordeste &#8211; sobre o oceano &#8211;\u00a0 e avan\u00e7aram em dire\u00e7\u00e3o \u00e0 por\u00e7\u00e3o continental.<\/span><\/p>\n<p style=\"text-align: justify;\"><b>Previs\u00e3o<\/b><\/p>\n<p style=\"text-align: justify;\"><span style=\"font-weight: 400;\">Em an\u00e1lise das condi\u00e7\u00f5es de tempo realizada na manh\u00e3 de hoje pelos meteorologistas da Funceme, observou-se que o sistema que provocou chuvas no Cear\u00e1 entre esta segunda e a madrugada de hoje j\u00e1 dissipou-se. Neste momento, h\u00e1 poucas nuvens sobre o territ\u00f3rio cearense, principalmente no interior.<\/span><\/p>\n<p style=\"text-align: justify;\"><span style=\"font-weight: 400;\">Para hoje e os pr\u00f3ximos dois dias, pelo menos, n\u00e3o h\u00e1 tend\u00eancia de novas precipita\u00e7\u00f5es. A previs\u00e3o \u00e9 de predom\u00ednio de c\u00e9u entre parcialmente nublado e claro em todas as regi\u00f5es.<\/span><\/p>\n","protected":false},"excerpt":{"rendered":"<p>O Cear\u00e1 registrou, entre as 7h desta segunda (23) e as 7h desta ter\u00e7a-feira (24), chuvas em, pelo menos, 27 munic\u00edpios. A maioria das precipita\u00e7\u00f5es aconteceu na macrorregi\u00e3o do Sert\u00e3o Central e Inhamuns, segundo balan\u00e7o parcial da Funda\u00e7\u00e3o Cearense de Meteorologia e Recursos H\u00eddricos (Funceme). Os maiores acumulados deste per\u00edodo de 24 horas foram em [&hellip;]<\/p>\n","protected":false},"author":4,"featured_media":5573,"comment_status":"closed","ping_status":"open","sticky":false,"template":"","format":"standard","meta":[],"categories":[81,15],"tags":[122,47,108,92],"acf":[],"_links":{"self":[{"href":"http:\/\/www.funceme.br\/index.php?rest_route=\/wp\/v2\/posts\/5572"}],"collection":[{"href":"http:\/\/www.funceme.br\/index.php?rest_route=\/wp\/v2\/posts"}],"about":[{"href":"http:\/\/www.funceme.br\/index.php?rest_route=\/wp\/v2\/types\/post"}],"author":[{"embeddable":true,"href":"http:\/\/www.funceme.br\/index.php?rest_route=\/wp\/v2\/users\/4"}],"replies":[{"embeddable":true,"href":"http:\/\/www.funceme.br\/index.php?rest_route=%2Fwp%2Fv2%2Fcomments&post=5572"}],"version-history":[{"count":3,"href":"http:\/\/www.funceme.br\/index.php?rest_route=\/wp\/v2\/posts\/5572\/revisions"}],"predecessor-version":[{"id":5577,"href":"http:\/\/www.funceme.br\/index.php?rest_route=\/wp\/v2\/posts\/5572\/revisions\/5577"}],"wp:featuredmedia":[{"embeddable":true,"href":"http:\/\/www.funceme.br\/index.php?rest_route=\/wp\/v2\/media\/5573"}],"wp:attachment":[{"href":"http:\/\/www.funceme.br\/index.php?rest_route=%2Fwp%2Fv2%2Fmedia&parent=5572"}],"wp:term":[{"taxonomy":"category","embeddable":true,"href":"http:\/\/www.funceme.br\/index.php?rest_route=%2Fwp%2Fv2%2Fcategories&post=5572"},{"taxonomy":"post_tag","embeddable":true,"href":"http:\/\/www.funceme.br\/index.php?rest_route=%2Fwp%2Fv2%2Ftags&post=5572"}],"curies":[{"name":"wp","href":"https:\/\/api.w.org\/{rel}","templated":true}]}}