{"id":5603,"date":"2019-10-01T11:46:41","date_gmt":"2019-10-01T14:46:41","guid":{"rendered":"http:\/\/www.funceme.br\/?p=5603"},"modified":"2019-10-01T12:04:10","modified_gmt":"2019-10-01T15:04:10","slug":"outubro-chega-com-predominio-de-nebulosidade-variavel-e-tempo-seco-no-interior","status":"publish","type":"post","link":"http:\/\/www.funceme.br\/?p=5603","title":{"rendered":"Outubro chega com predom\u00ednio de nebulosidade vari\u00e1vel e tempo seco no interior"},"content":{"rendered":"<div id=\"attachment_5604\" style=\"width: 778px\" class=\"wp-caption aligncenter\"><a href=\"http:\/\/www.funceme.br\/wp-content\/uploads\/2019\/10\/chuttersnap-TSgwbumanuE-unsplash.jpg\"><img aria-describedby=\"caption-attachment-5604\" decoding=\"async\" loading=\"lazy\" class=\"wp-image-5604\" src=\"http:\/\/www.funceme.br\/wp-content\/uploads\/2019\/10\/chuttersnap-TSgwbumanuE-unsplash.jpg\" alt=\"Chuvas escassas e c\u00e9u mais claro est\u00e3o entre as caracter\u00edsticas de outubro no Cear\u00e1 (FOTO: Reprodu\u00e7\u00e3o\/Pexels)\" width=\"768\" height=\"513\" srcset=\"http:\/\/www.funceme.br\/wp-content\/uploads\/2019\/10\/chuttersnap-TSgwbumanuE-unsplash.jpg 5794w, http:\/\/www.funceme.br\/wp-content\/uploads\/2019\/10\/chuttersnap-TSgwbumanuE-unsplash-600x401.jpg 600w, http:\/\/www.funceme.br\/wp-content\/uploads\/2019\/10\/chuttersnap-TSgwbumanuE-unsplash-768x513.jpg 768w, http:\/\/www.funceme.br\/wp-content\/uploads\/2019\/10\/chuttersnap-TSgwbumanuE-unsplash-1200x801.jpg 1200w\" sizes=\"(max-width: 768px) 100vw, 768px\" \/><\/a><p id=\"caption-attachment-5604\" class=\"wp-caption-text\"><span style=\"color: #6b6b6b;\"><em>Chuvas escassas e c\u00e9u mais claro est\u00e3o entre as caracter\u00edsticas de outubro no Cear\u00e1 (FOTO: Reprodu\u00e7\u00e3o\/Pexels)<\/em><\/span><\/p><\/div>\n<p style=\"text-align: justify;\"><span style=\"font-weight: 400;\">O m\u00eas de outubro come\u00e7a com previs\u00e3o de predom\u00ednio de c\u00e9u entre parcialmente nublado e claro em todas as macrorregi\u00f5es do Cear\u00e1, sem expectativa de chuva. O cen\u00e1rio \u00e9 v\u00e1lido para esta ter\u00e7a-feira (1\u00b0) e os pr\u00f3ximos dois dias, conforme informa\u00e7\u00f5es da Funda\u00e7\u00e3o Cearense de Meteorologia e Recursos H\u00eddricos (Funceme).<\/span><\/p>\n<p style=\"text-align: justify;\"><span style=\"font-weight: 400;\">Conforme imagem de sat\u00e9lite gerada na manh\u00e3 de hoje, h\u00e1 nuvens sobre todas as macrorregi\u00f5es cearenses, por\u00e9m, sem rela\u00e7\u00e3o com possibilidade de precipita\u00e7\u00f5es. Ao longo desta ter\u00e7a, a tend\u00eancia \u00e9 de varia\u00e7\u00e3o de nebulosidade, passando a predominar o c\u00e9u claro sobre o estado.<\/span><\/p>\n<p style=\"text-align: justify;\"><span style=\"font-weight: 400;\">Para os pr\u00f3ximos dias, a velocidade dos ventos deve variar entre os 30 e 35 km\/h no litoral. No interior do estado, a umidade do ar se manter\u00e1 entre 20 e 25% entre hoje e amanh\u00e3. J\u00e1 na quinta (3), esses valores podem ter uma leve diminui\u00e7\u00e3o, especificamente para o sul do estado, ficando entre 15 e 20%.<\/span><\/p>\n","protected":false},"excerpt":{"rendered":"<p>O m\u00eas de outubro come\u00e7a com previs\u00e3o de predom\u00ednio de c\u00e9u entre parcialmente nublado e claro em todas as macrorregi\u00f5es do Cear\u00e1, sem expectativa de chuva. O cen\u00e1rio \u00e9 v\u00e1lido para esta ter\u00e7a-feira (1\u00b0) e os pr\u00f3ximos dois dias, conforme informa\u00e7\u00f5es da Funda\u00e7\u00e3o Cearense de Meteorologia e Recursos H\u00eddricos (Funceme). Conforme imagem de sat\u00e9lite gerada [&hellip;]<\/p>\n","protected":false},"author":4,"featured_media":5604,"comment_status":"closed","ping_status":"open","sticky":false,"template":"","format":"standard","meta":[],"categories":[81,15],"tags":[321,334],"acf":[],"_links":{"self":[{"href":"http:\/\/www.funceme.br\/index.php?rest_route=\/wp\/v2\/posts\/5603"}],"collection":[{"href":"http:\/\/www.funceme.br\/index.php?rest_route=\/wp\/v2\/posts"}],"about":[{"href":"http:\/\/www.funceme.br\/index.php?rest_route=\/wp\/v2\/types\/post"}],"author":[{"embeddable":true,"href":"http:\/\/www.funceme.br\/index.php?rest_route=\/wp\/v2\/users\/4"}],"replies":[{"embeddable":true,"href":"http:\/\/www.funceme.br\/index.php?rest_route=%2Fwp%2Fv2%2Fcomments&post=5603"}],"version-history":[{"count":1,"href":"http:\/\/www.funceme.br\/index.php?rest_route=\/wp\/v2\/posts\/5603\/revisions"}],"predecessor-version":[{"id":5605,"href":"http:\/\/www.funceme.br\/index.php?rest_route=\/wp\/v2\/posts\/5603\/revisions\/5605"}],"wp:featuredmedia":[{"embeddable":true,"href":"http:\/\/www.funceme.br\/index.php?rest_route=\/wp\/v2\/media\/5604"}],"wp:attachment":[{"href":"http:\/\/www.funceme.br\/index.php?rest_route=%2Fwp%2Fv2%2Fmedia&parent=5603"}],"wp:term":[{"taxonomy":"category","embeddable":true,"href":"http:\/\/www.funceme.br\/index.php?rest_route=%2Fwp%2Fv2%2Fcategories&post=5603"},{"taxonomy":"post_tag","embeddable":true,"href":"http:\/\/www.funceme.br\/index.php?rest_route=%2Fwp%2Fv2%2Ftags&post=5603"}],"curies":[{"name":"wp","href":"https:\/\/api.w.org\/{rel}","templated":true}]}}