{"id":5770,"date":"2019-10-23T12:58:00","date_gmt":"2019-10-23T15:58:00","guid":{"rendered":"http:\/\/www.funceme.br\/?p=5770"},"modified":"2019-10-23T12:58:00","modified_gmt":"2019-10-23T15:58:00","slug":"ce-tem-possibilidade-de-chuva-nos-inhamuns-mas-com-predominio-de-nebulosidade-variavel-ate-esta-quinta","status":"publish","type":"post","link":"http:\/\/www.funceme.br\/?p=5770","title":{"rendered":"CE tem possibilidade de chuva nos Inhamuns, mas com predom\u00ednio de nebulosidade vari\u00e1vel at\u00e9 esta quinta"},"content":{"rendered":"<div id=\"attachment_5767\" style=\"width: 778px\" class=\"wp-caption aligncenter\"><a href=\"http:\/\/www.funceme.br\/wp-content\/uploads\/2019\/10\/WhatsApp-Image-2019-10-20-at-16.36.18.jpeg\"><img aria-describedby=\"caption-attachment-5767\" decoding=\"async\" loading=\"lazy\" class=\"wp-image-5767\" src=\"http:\/\/www.funceme.br\/wp-content\/uploads\/2019\/10\/WhatsApp-Image-2019-10-20-at-16.36.18.jpeg\" alt=\"N\u00e3o h\u00e1 cen\u00e1rio favor\u00e1vel a chuvas nestes pr\u00f3ximos dias (FOTO: Marciel Bezerra)\" width=\"768\" height=\"576\" srcset=\"http:\/\/www.funceme.br\/wp-content\/uploads\/2019\/10\/WhatsApp-Image-2019-10-20-at-16.36.18.jpeg 1280w, http:\/\/www.funceme.br\/wp-content\/uploads\/2019\/10\/WhatsApp-Image-2019-10-20-at-16.36.18-600x450.jpeg 600w, http:\/\/www.funceme.br\/wp-content\/uploads\/2019\/10\/WhatsApp-Image-2019-10-20-at-16.36.18-768x576.jpeg 768w, http:\/\/www.funceme.br\/wp-content\/uploads\/2019\/10\/WhatsApp-Image-2019-10-20-at-16.36.18-1200x900.jpeg 1200w\" sizes=\"(max-width: 768px) 100vw, 768px\" \/><\/a><p id=\"caption-attachment-5767\" class=\"wp-caption-text\"><span style=\"color: #6b6b6b;\"><em>N\u00e3o h\u00e1 cen\u00e1rio favor\u00e1vel a chuvas expressivas nestes pr\u00f3ximos dias (FOTO: Marciel Bezerra)<\/em><\/span><\/p><\/div>\n<p style=\"text-align: justify;\"><span style=\"font-weight: 300;\">A previs\u00e3o atualizada para quarta (23) e quinta-feira (24) indica possibilidade de chuva no sul da regi\u00e3o dos Inhamuns. Por\u00e9m, de acordo com a Funda\u00e7\u00e3o Cearense de Meteorologia e Recursos H\u00eddricos (Funceme), a previs\u00e3o \u00e9 de predom\u00ednio de nebulosidade vari\u00e1vel at\u00e9 amanh\u00e3.<\/span><\/p>\n<p style=\"text-align: justify;\"><span style=\"font-weight: 300;\">O cen\u00e1rio mais recente, que pode proporcionar precipita\u00e7\u00f5es na \u00e1rea indicada, se d\u00e1 pela a persist\u00eancia de umidade significativa, principalmente, no oeste de Pernambuco e Para\u00edba, al\u00e9m da regi\u00e3o central do Piau\u00ed, justificando a chuva observada nestas \u00e1reas inclusive.<\/span><\/p>\n<p style=\"text-align: justify;\"><span style=\"font-weight: 300;\">Ao indicar possibilidade de chuva, a tend\u00eancia \u00e9 que as precipita\u00e7\u00f5es, vindo a acontecer, atinjam apenas de 5 a 20% da \u00e1rea sob previs\u00e3o.<\/span><\/p>\n<p style=\"text-align: justify;\"><strong>Tempo seco<\/strong><\/p>\n<p style=\"text-align: justify;\"><span style=\"font-weight: 300;\">Apesar da possibilidade de chuva nos Inhamuns, o Cear\u00e1, de forma geral, ter\u00e1 ainda persist\u00eancia das altas temperaturas e tamb\u00e9m baixa umidade relativa do ar, isto \u00e9, girando em torno de 30%, principalmente no centro-sul do estado.<\/span><\/p>\n","protected":false},"excerpt":{"rendered":"<p>A previs\u00e3o atualizada para quarta (23) e quinta-feira (24) indica possibilidade de chuva no sul da regi\u00e3o dos Inhamuns. Por\u00e9m, de acordo com a Funda\u00e7\u00e3o Cearense de Meteorologia e Recursos H\u00eddricos (Funceme), a previs\u00e3o \u00e9 de predom\u00ednio de nebulosidade vari\u00e1vel at\u00e9 amanh\u00e3. O cen\u00e1rio mais recente, que pode proporcionar precipita\u00e7\u00f5es na \u00e1rea indicada, se d\u00e1 [&hellip;]<\/p>\n","protected":false},"author":4,"featured_media":5767,"comment_status":"closed","ping_status":"open","sticky":false,"template":"","format":"standard","meta":[],"categories":[81,15],"tags":[302,101],"acf":[],"_links":{"self":[{"href":"http:\/\/www.funceme.br\/index.php?rest_route=\/wp\/v2\/posts\/5770"}],"collection":[{"href":"http:\/\/www.funceme.br\/index.php?rest_route=\/wp\/v2\/posts"}],"about":[{"href":"http:\/\/www.funceme.br\/index.php?rest_route=\/wp\/v2\/types\/post"}],"author":[{"embeddable":true,"href":"http:\/\/www.funceme.br\/index.php?rest_route=\/wp\/v2\/users\/4"}],"replies":[{"embeddable":true,"href":"http:\/\/www.funceme.br\/index.php?rest_route=%2Fwp%2Fv2%2Fcomments&post=5770"}],"version-history":[{"count":1,"href":"http:\/\/www.funceme.br\/index.php?rest_route=\/wp\/v2\/posts\/5770\/revisions"}],"predecessor-version":[{"id":5771,"href":"http:\/\/www.funceme.br\/index.php?rest_route=\/wp\/v2\/posts\/5770\/revisions\/5771"}],"wp:featuredmedia":[{"embeddable":true,"href":"http:\/\/www.funceme.br\/index.php?rest_route=\/wp\/v2\/media\/5767"}],"wp:attachment":[{"href":"http:\/\/www.funceme.br\/index.php?rest_route=%2Fwp%2Fv2%2Fmedia&parent=5770"}],"wp:term":[{"taxonomy":"category","embeddable":true,"href":"http:\/\/www.funceme.br\/index.php?rest_route=%2Fwp%2Fv2%2Fcategories&post=5770"},{"taxonomy":"post_tag","embeddable":true,"href":"http:\/\/www.funceme.br\/index.php?rest_route=%2Fwp%2Fv2%2Ftags&post=5770"}],"curies":[{"name":"wp","href":"https:\/\/api.w.org\/{rel}","templated":true}]}}