{"id":5955,"date":"2019-12-02T09:11:30","date_gmt":"2019-12-02T12:11:30","guid":{"rendered":"http:\/\/www.funceme.br\/?p=5955"},"modified":"2019-12-02T09:11:30","modified_gmt":"2019-12-02T12:11:30","slug":"dezembro-comeca-com-predominio-de-nebulosidade-variavel-em-todo-o-ceara","status":"publish","type":"post","link":"http:\/\/www.funceme.br\/?p=5955","title":{"rendered":"Dezembro come\u00e7a com predom\u00ednio de nebulosidade vari\u00e1vel em todo o Cear\u00e1"},"content":{"rendered":"<div id=\"attachment_5956\" style=\"width: 778px\" class=\"wp-caption aligncenter\"><a href=\"http:\/\/www.funceme.br\/wp-content\/uploads\/2019\/12\/WhatsApp-Image-2019-11-30-at-17.31.15.jpeg\"><img aria-describedby=\"caption-attachment-5956\" decoding=\"async\" loading=\"lazy\" class=\"wp-image-5956\" src=\"http:\/\/www.funceme.br\/wp-content\/uploads\/2019\/12\/WhatsApp-Image-2019-11-30-at-17.31.15.jpeg\" alt=\"Condi\u00e7\u00f5es atuais n\u00e3o apontam chances de chuva no Estado (FOTO: Marciel Bezerra)\" width=\"768\" height=\"576\" srcset=\"http:\/\/www.funceme.br\/wp-content\/uploads\/2019\/12\/WhatsApp-Image-2019-11-30-at-17.31.15.jpeg 1280w, http:\/\/www.funceme.br\/wp-content\/uploads\/2019\/12\/WhatsApp-Image-2019-11-30-at-17.31.15-600x450.jpeg 600w, http:\/\/www.funceme.br\/wp-content\/uploads\/2019\/12\/WhatsApp-Image-2019-11-30-at-17.31.15-768x576.jpeg 768w, http:\/\/www.funceme.br\/wp-content\/uploads\/2019\/12\/WhatsApp-Image-2019-11-30-at-17.31.15-1200x900.jpeg 1200w\" sizes=\"(max-width: 768px) 100vw, 768px\" \/><\/a><p id=\"caption-attachment-5956\" class=\"wp-caption-text\"><span style=\"color: #6b6b6b;\"><em>Condi\u00e7\u00f5es atuais n\u00e3o apontam chances de chuva no Estado (FOTO: Marciel Bezerra)<\/em><\/span><\/p><\/div>\n<p style=\"text-align: justify;\"><span style=\"font-weight: 400;\">O in\u00edcio do m\u00eas de dezembro de 2019 inicia-se com previs\u00e3o de predom\u00ednio de nebulosidade vari\u00e1vel, pelo menos, at\u00e9 a pr\u00f3xima quarta (4), conforme atualiza\u00e7\u00e3o das condi\u00e7\u00f5es de tempo realizada pela Funda\u00e7\u00e3o Cearense de Meteorologia e Recursos H\u00eddricos (Funceme) na manh\u00e3 desta segunda-feira (2).<\/span><\/p>\n<p style=\"text-align: justify;\"><span style=\"font-weight: 400;\">Conforme imagem de sat\u00e9lite analisada hoje, o Estado apresenta-se com nuvens sobre seu territ\u00f3rio, por\u00e9m, n\u00e3o est\u00e3o relacionadas a poss\u00edveis precipita\u00e7\u00f5es.\u00a0<\/span><\/p>\n<p style=\"text-align: justify;\"><span style=\"font-weight: 400;\">Apesar da expectativa de c\u00e9u variando entre parcialmente nublado e claro em todas as macrorregi\u00f5es, a Ibiapaba pode receber chuva na pr\u00f3xima quarta. At\u00e9 l\u00e1, os meteorologistas seguir\u00e3o realizando an\u00e1lises para confirmar ou n\u00e3o a tend\u00eancia indicada na manh\u00e3 desta segunda.<\/span><\/p>\n<p style=\"text-align: justify;\"><span style=\"font-weight: 400;\">Para conferir a previs\u00e3o, que \u00e9 atualizada duas vezes ao dia, basta acessar o site o ou ainda baixar o app \u2018<\/span><b>Funceme Tempo<\/b><span style=\"font-weight: 400;\">\u2019, dispon\u00edvel para Android e iOs de forma gratuita.<\/span><\/p>\n","protected":false},"excerpt":{"rendered":"<p>O in\u00edcio do m\u00eas de dezembro de 2019 inicia-se com previs\u00e3o de predom\u00ednio de nebulosidade vari\u00e1vel, pelo menos, at\u00e9 a pr\u00f3xima quarta (4), conforme atualiza\u00e7\u00e3o das condi\u00e7\u00f5es de tempo realizada pela Funda\u00e7\u00e3o Cearense de Meteorologia e Recursos H\u00eddricos (Funceme) na manh\u00e3 desta segunda-feira (2). Conforme imagem de sat\u00e9lite analisada hoje, o Estado apresenta-se com nuvens [&hellip;]<\/p>\n","protected":false},"author":4,"featured_media":5956,"comment_status":"closed","ping_status":"open","sticky":false,"template":"","format":"standard","meta":[],"categories":[81,15],"tags":[57,357,45],"acf":[],"_links":{"self":[{"href":"http:\/\/www.funceme.br\/index.php?rest_route=\/wp\/v2\/posts\/5955"}],"collection":[{"href":"http:\/\/www.funceme.br\/index.php?rest_route=\/wp\/v2\/posts"}],"about":[{"href":"http:\/\/www.funceme.br\/index.php?rest_route=\/wp\/v2\/types\/post"}],"author":[{"embeddable":true,"href":"http:\/\/www.funceme.br\/index.php?rest_route=\/wp\/v2\/users\/4"}],"replies":[{"embeddable":true,"href":"http:\/\/www.funceme.br\/index.php?rest_route=%2Fwp%2Fv2%2Fcomments&post=5955"}],"version-history":[{"count":1,"href":"http:\/\/www.funceme.br\/index.php?rest_route=\/wp\/v2\/posts\/5955\/revisions"}],"predecessor-version":[{"id":5957,"href":"http:\/\/www.funceme.br\/index.php?rest_route=\/wp\/v2\/posts\/5955\/revisions\/5957"}],"wp:featuredmedia":[{"embeddable":true,"href":"http:\/\/www.funceme.br\/index.php?rest_route=\/wp\/v2\/media\/5956"}],"wp:attachment":[{"href":"http:\/\/www.funceme.br\/index.php?rest_route=%2Fwp%2Fv2%2Fmedia&parent=5955"}],"wp:term":[{"taxonomy":"category","embeddable":true,"href":"http:\/\/www.funceme.br\/index.php?rest_route=%2Fwp%2Fv2%2Fcategories&post=5955"},{"taxonomy":"post_tag","embeddable":true,"href":"http:\/\/www.funceme.br\/index.php?rest_route=%2Fwp%2Fv2%2Ftags&post=5955"}],"curies":[{"name":"wp","href":"https:\/\/api.w.org\/{rel}","templated":true}]}}