{"id":5995,"date":"2019-12-09T10:47:27","date_gmt":"2019-12-09T13:47:27","guid":{"rendered":"http:\/\/www.funceme.br\/?p=5995"},"modified":"2019-12-10T10:07:48","modified_gmt":"2019-12-10T13:07:48","slug":"centro-sul-do-ceara-concentra-precipitacoes-em-24-horas","status":"publish","type":"post","link":"http:\/\/www.funceme.br\/?p=5995","title":{"rendered":"Centro sul do Cear\u00e1 concentra precipita\u00e7\u00f5es em 24 horas; Cariri tem maiores acumulados"},"content":{"rendered":"<div id=\"attachment_5996\" style=\"width: 778px\" class=\"wp-caption aligncenter\"><a href=\"http:\/\/www.funceme.br\/wp-content\/uploads\/2019\/12\/WhatsApp-Image-2019-12-08-at-08.47.58.jpeg\"><img aria-describedby=\"caption-attachment-5996\" decoding=\"async\" loading=\"lazy\" class=\"wp-image-5996\" src=\"http:\/\/www.funceme.br\/wp-content\/uploads\/2019\/12\/WhatsApp-Image-2019-12-08-at-08.47.58.jpeg\" alt=\"Maiores chuvas foram registradas no Cariri (FOTO: Marciel Bezerra)\" width=\"768\" height=\"576\" srcset=\"http:\/\/www.funceme.br\/wp-content\/uploads\/2019\/12\/WhatsApp-Image-2019-12-08-at-08.47.58.jpeg 1280w, http:\/\/www.funceme.br\/wp-content\/uploads\/2019\/12\/WhatsApp-Image-2019-12-08-at-08.47.58-600x450.jpeg 600w, http:\/\/www.funceme.br\/wp-content\/uploads\/2019\/12\/WhatsApp-Image-2019-12-08-at-08.47.58-768x576.jpeg 768w, http:\/\/www.funceme.br\/wp-content\/uploads\/2019\/12\/WhatsApp-Image-2019-12-08-at-08.47.58-1200x900.jpeg 1200w\" sizes=\"(max-width: 768px) 100vw, 768px\" \/><\/a><p id=\"caption-attachment-5996\" class=\"wp-caption-text\"><span style=\"color: #6b6b6b;\"><em>Maiores chuvas foram registradas no Cariri (FOTO: Marciel Bezerra)<\/em><\/span><\/p><\/div>\n<p style=\"text-align: justify;\"><span style=\"font-weight: 300;\">Em conformidade com a previs\u00e3o do tempo emitida pela Funda\u00e7\u00e3o Cearense de Meteorologia e Recursos H\u00eddricos (Funceme) <a href=\"http:\/\/www.funceme.br\/?p=5989\">na \u00faltima sexta-feira (6)<\/a> e refor\u00e7ada neste fim de semana, o centro sul do Estado concentrou chuvas entre este domingo (8) e manh\u00e3 desta segunda-feira (9).<\/span><\/p>\n<p style=\"text-align: justify;\"><span style=\"font-weight: 300;\">Dados parciais apontam que houve precipita\u00e7\u00f5es em, pelo menos, <strong>51 munic\u00edpios<\/strong> no intervalo entre as 7h de ontem e as 7h de hoje. A macrorregi\u00e3o do Cariri teve os maiores acumulados: <strong>92 mil\u00edmetros<\/strong> no posto pluviom\u00e9trico sede de Barbalha e 75 mm em Lameiro, no Crato. Com 62 mm, Assar\u00e9 teve a maior chuva do Sert\u00e3o Central e Inhamuns.<\/span><\/p>\n<p style=\"text-align: justify;\"><span style=\"font-weight: 300;\">As precipita\u00e7\u00f5es do intervalo de 24 horas foram associadas, principalmente, \u00e0 forma\u00e7\u00e3o de \u00e1reas de instabilidades associadas \u00e0 presen\u00e7a, sobre o Estado, de um V\u00f3rtice Cicl\u00f4nico de Altos N\u00edveis (VCAN) &#8211; sistema t\u00edpico de Pr\u00e9-Esta\u00e7\u00e3o &#8211; e umidade relativa do ar mais elevada.<\/span><\/p>\n","protected":false},"excerpt":{"rendered":"<p>Em conformidade com a previs\u00e3o do tempo emitida pela Funda\u00e7\u00e3o Cearense de Meteorologia e Recursos H\u00eddricos (Funceme) na \u00faltima sexta-feira (6) e refor\u00e7ada neste fim de semana, o centro sul do Estado concentrou chuvas entre este domingo (8) e manh\u00e3 desta segunda-feira (9). Dados parciais apontam que houve precipita\u00e7\u00f5es em, pelo menos, 51 munic\u00edpios no [&hellip;]<\/p>\n","protected":false},"author":4,"featured_media":6005,"comment_status":"closed","ping_status":"open","sticky":false,"template":"","format":"standard","meta":[],"categories":[81,15],"tags":[50,358,47],"acf":[],"_links":{"self":[{"href":"http:\/\/www.funceme.br\/index.php?rest_route=\/wp\/v2\/posts\/5995"}],"collection":[{"href":"http:\/\/www.funceme.br\/index.php?rest_route=\/wp\/v2\/posts"}],"about":[{"href":"http:\/\/www.funceme.br\/index.php?rest_route=\/wp\/v2\/types\/post"}],"author":[{"embeddable":true,"href":"http:\/\/www.funceme.br\/index.php?rest_route=\/wp\/v2\/users\/4"}],"replies":[{"embeddable":true,"href":"http:\/\/www.funceme.br\/index.php?rest_route=%2Fwp%2Fv2%2Fcomments&post=5995"}],"version-history":[{"count":5,"href":"http:\/\/www.funceme.br\/index.php?rest_route=\/wp\/v2\/posts\/5995\/revisions"}],"predecessor-version":[{"id":6036,"href":"http:\/\/www.funceme.br\/index.php?rest_route=\/wp\/v2\/posts\/5995\/revisions\/6036"}],"wp:featuredmedia":[{"embeddable":true,"href":"http:\/\/www.funceme.br\/index.php?rest_route=\/wp\/v2\/media\/6005"}],"wp:attachment":[{"href":"http:\/\/www.funceme.br\/index.php?rest_route=%2Fwp%2Fv2%2Fmedia&parent=5995"}],"wp:term":[{"taxonomy":"category","embeddable":true,"href":"http:\/\/www.funceme.br\/index.php?rest_route=%2Fwp%2Fv2%2Fcategories&post=5995"},{"taxonomy":"post_tag","embeddable":true,"href":"http:\/\/www.funceme.br\/index.php?rest_route=%2Fwp%2Fv2%2Ftags&post=5995"}],"curies":[{"name":"wp","href":"https:\/\/api.w.org\/{rel}","templated":true}]}}