{"id":6102,"date":"2019-12-16T09:46:53","date_gmt":"2019-12-16T12:46:53","guid":{"rendered":"http:\/\/www.funceme.br\/?p=6102"},"modified":"2019-12-16T09:46:53","modified_gmt":"2019-12-16T12:46:53","slug":"previsao-do-tempo-predominio-de-nebulosidade-variavel-com-possibilidade-de-chuva-no-centro-sul-do-ceara","status":"publish","type":"post","link":"http:\/\/www.funceme.br\/?p=6102","title":{"rendered":"Previs\u00e3o do tempo: predom\u00ednio de nebulosidade vari\u00e1vel com possibilidade de chuva no centro sul do Cear\u00e1"},"content":{"rendered":"<div id=\"attachment_6103\" style=\"width: 778px\" class=\"wp-caption aligncenter\"><a href=\"http:\/\/www.funceme.br\/wp-content\/uploads\/2019\/12\/WhatsApp-Image-2019-12-16-at-08.17.40.jpeg\"><img aria-describedby=\"caption-attachment-6103\" decoding=\"async\" loading=\"lazy\" class=\"wp-image-6103\" src=\"http:\/\/www.funceme.br\/wp-content\/uploads\/2019\/12\/WhatsApp-Image-2019-12-16-at-08.17.40.jpeg\" alt=\"Condi\u00e7\u00f5es atuais apontam para c\u00e9u variando entre parcialmente nublado e claro na maior parte do Cear\u00e1 (FOTO: Marciel Bezerra)\" width=\"768\" height=\"576\" srcset=\"http:\/\/www.funceme.br\/wp-content\/uploads\/2019\/12\/WhatsApp-Image-2019-12-16-at-08.17.40.jpeg 1280w, http:\/\/www.funceme.br\/wp-content\/uploads\/2019\/12\/WhatsApp-Image-2019-12-16-at-08.17.40-600x450.jpeg 600w, http:\/\/www.funceme.br\/wp-content\/uploads\/2019\/12\/WhatsApp-Image-2019-12-16-at-08.17.40-768x576.jpeg 768w, http:\/\/www.funceme.br\/wp-content\/uploads\/2019\/12\/WhatsApp-Image-2019-12-16-at-08.17.40-1200x900.jpeg 1200w\" sizes=\"(max-width: 768px) 100vw, 768px\" \/><\/a><p id=\"caption-attachment-6103\" class=\"wp-caption-text\"><span style=\"color: #6b6b6b;\"><em>Condi\u00e7\u00f5es atuais apontam para c\u00e9u variando entre parcialmente nublado e claro na maior parte do Cear\u00e1 (FOTO: Marciel Bezerra)<\/em><\/span><\/p><\/div>\n<p style=\"text-align: justify;\"><span style=\"font-weight: 400;\">As atuais condi\u00e7\u00f5es de tempo indicam possibilidade de chuva no centro sul do Cear\u00e1, principalmente entre a tarde e a noite desta segunda-feira (16). Ap\u00f3s as precipita\u00e7\u00f5es no litoral e na macrorregi\u00e3o do Cariri nas primeiras horas da manh\u00e3, a tend\u00eancia \u00e9 de c\u00e9u mais claro no decorrer do dia.<\/span><\/p>\n<p style=\"text-align: justify;\"><span style=\"font-weight: 400;\">De acordo com a Funda\u00e7\u00e3o Cearense de Meteorologia Recursos H\u00eddricos (Funceme), apesar da presen\u00e7a de poucas nuvens sobre o Estado, \u00e1reas de instabilidade que avan\u00e7am do leste para o interior do Nordeste podem contribuir para chuvas de intensidade variando entre fraca e moderada.\u00a0<\/span><\/p>\n<p style=\"text-align: justify;\"><span style=\"font-weight: 400;\">Para esta ter\u00e7a-feira (17), as chances para a faixa litor\u00e2nea reduzem, mas o Cariri deve receber chuvas isoladas, atingindo de 20% a 50% da regi\u00e3o. J\u00e1 o Sert\u00e3o dos Inhamuns e tamb\u00e9m a por\u00e7\u00e3o mais ao sul da macrorregi\u00e3o Jaguaribana devem apresentar condi\u00e7\u00f5es para possibilidade de precipita\u00e7\u00f5es.<\/span><\/p>\n<p style=\"text-align: justify;\"><span style=\"font-weight: 400;\">Balan\u00e7o<\/span><\/p>\n<p style=\"text-align: justify;\"><span style=\"font-weight: 400;\">Considerando somente o intervalo entre as 7h deste domingo (15) e as 7h de hoje, balan\u00e7o parcial indica chuvas em, pelo menos, 7 munic\u00edpios. Os maiores acumulados informados foram em Cariria\u00e7u com 34 mm e em Granjeiro, que registrou 19,4 mm. As informa\u00e7\u00f5es s\u00e3o preliminares e atualizadas ao longo do dia. Para conferir, basta acessar funceme.br\/calendario.<\/span><\/p>\n","protected":false},"excerpt":{"rendered":"<p>As atuais condi\u00e7\u00f5es de tempo indicam possibilidade de chuva no centro sul do Cear\u00e1, principalmente entre a tarde e a noite desta segunda-feira (16). Ap\u00f3s as precipita\u00e7\u00f5es no litoral e na macrorregi\u00e3o do Cariri nas primeiras horas da manh\u00e3, a tend\u00eancia \u00e9 de c\u00e9u mais claro no decorrer do dia. De acordo com a Funda\u00e7\u00e3o [&hellip;]<\/p>\n","protected":false},"author":4,"featured_media":6103,"comment_status":"closed","ping_status":"open","sticky":false,"template":"","format":"standard","meta":[],"categories":[81,15],"tags":[50,358,47],"acf":[],"_links":{"self":[{"href":"http:\/\/www.funceme.br\/index.php?rest_route=\/wp\/v2\/posts\/6102"}],"collection":[{"href":"http:\/\/www.funceme.br\/index.php?rest_route=\/wp\/v2\/posts"}],"about":[{"href":"http:\/\/www.funceme.br\/index.php?rest_route=\/wp\/v2\/types\/post"}],"author":[{"embeddable":true,"href":"http:\/\/www.funceme.br\/index.php?rest_route=\/wp\/v2\/users\/4"}],"replies":[{"embeddable":true,"href":"http:\/\/www.funceme.br\/index.php?rest_route=%2Fwp%2Fv2%2Fcomments&post=6102"}],"version-history":[{"count":1,"href":"http:\/\/www.funceme.br\/index.php?rest_route=\/wp\/v2\/posts\/6102\/revisions"}],"predecessor-version":[{"id":6104,"href":"http:\/\/www.funceme.br\/index.php?rest_route=\/wp\/v2\/posts\/6102\/revisions\/6104"}],"wp:featuredmedia":[{"embeddable":true,"href":"http:\/\/www.funceme.br\/index.php?rest_route=\/wp\/v2\/media\/6103"}],"wp:attachment":[{"href":"http:\/\/www.funceme.br\/index.php?rest_route=%2Fwp%2Fv2%2Fmedia&parent=6102"}],"wp:term":[{"taxonomy":"category","embeddable":true,"href":"http:\/\/www.funceme.br\/index.php?rest_route=%2Fwp%2Fv2%2Fcategories&post=6102"},{"taxonomy":"post_tag","embeddable":true,"href":"http:\/\/www.funceme.br\/index.php?rest_route=%2Fwp%2Fv2%2Ftags&post=6102"}],"curies":[{"name":"wp","href":"https:\/\/api.w.org\/{rel}","templated":true}]}}