{"id":6323,"date":"2020-01-30T11:02:43","date_gmt":"2020-01-30T14:02:43","guid":{"rendered":"http:\/\/www.funceme.br\/?p=6323"},"modified":"2020-01-30T11:10:35","modified_gmt":"2020-01-30T14:10:35","slug":"noroeste-do-ceara-deve-concentrar-maiores-chuvas-ate-esta-sexta-feira","status":"publish","type":"post","link":"http:\/\/www.funceme.br\/?p=6323","title":{"rendered":"Noroeste do Cear\u00e1 deve concentrar maiores chuvas at\u00e9 esta sexta-feira"},"content":{"rendered":"<div id=\"attachment_6324\" style=\"width: 778px\" class=\"wp-caption aligncenter\"><a href=\"http:\/\/www.funceme.br\/wp-content\/uploads\/2020\/01\/4b0849bb-cb59-409a-a6a1-901b3532c509.jpeg\"><img aria-describedby=\"caption-attachment-6324\" decoding=\"async\" loading=\"lazy\" class=\"wp-image-6324\" src=\"http:\/\/www.funceme.br\/wp-content\/uploads\/2020\/01\/4b0849bb-cb59-409a-a6a1-901b3532c509.jpeg\" alt=\"Apesar de precipita\u00e7\u00f5es isoladas, o sul do Cear\u00e1 dever\u00e1 receber acumulados menores em rela\u00e7\u00e3o ao norte (FOTO: Marciel Bezerra)\" width=\"768\" height=\"576\" srcset=\"http:\/\/www.funceme.br\/wp-content\/uploads\/2020\/01\/4b0849bb-cb59-409a-a6a1-901b3532c509.jpeg 1280w, http:\/\/www.funceme.br\/wp-content\/uploads\/2020\/01\/4b0849bb-cb59-409a-a6a1-901b3532c509-600x450.jpeg 600w, http:\/\/www.funceme.br\/wp-content\/uploads\/2020\/01\/4b0849bb-cb59-409a-a6a1-901b3532c509-768x576.jpeg 768w, http:\/\/www.funceme.br\/wp-content\/uploads\/2020\/01\/4b0849bb-cb59-409a-a6a1-901b3532c509-1200x900.jpeg 1200w\" sizes=\"(max-width: 768px) 100vw, 768px\" \/><\/a><p id=\"caption-attachment-6324\" class=\"wp-caption-text\"><span style=\"color: #6b6b6b;\"><em>Apesar de precipita\u00e7\u00f5es isoladas, o sul do Cear\u00e1 dever\u00e1 receber acumulados menores em rela\u00e7\u00e3o ao norte (FOTO: Marciel Bezerra)<\/em><\/span><\/p><\/div>\n<p style=\"text-align: justify;\"><span style=\"font-weight: 400;\">O noroeste do Cear\u00e1 deve receber chuvas mais expressivas em rela\u00e7\u00e3o \u00e0s demais \u00e1reas do Estado entre quinta (30) e esta sexta-feira (31), conforme atualiza\u00e7\u00e3o da previs\u00e3o do tempo realizada na manh\u00e3 de hoje.<\/span><\/p>\n<p style=\"text-align: justify;\"><span style=\"font-weight: 400;\">De acordo com a Funda\u00e7\u00e3o Cearense de Meteorologia e Recursos H\u00eddricos (Funceme), a aproxima\u00e7\u00e3o da Zona de Converg\u00eancia Intertropical (ZCIT) e da atua\u00e7\u00e3o de um V\u00f3rtice Cicl\u00f4nico de Altos N\u00edveis (VCAN) no leste do Nordeste podem colaborar para precipita\u00e7\u00f5es no Estado como um todo, por\u00e9m, com maior intensidade na <\/span><b>Ibiapaba,\u00a0 Litoral Norte e do Pec\u00e9m<\/b><span style=\"font-weight: 400;\">. H\u00e1 chances, mas com menor abrang\u00eancia, nas demais macrorregi\u00f5es.<\/span><\/p>\n<p style=\"text-align: justify;\"><span style=\"font-weight: 400;\">J\u00e1 para amanh\u00e3, a previs\u00e3o de tempo \u00e9 semelhante. Ressalta-se ainda que, ao longo destes dois dias, o Cear\u00e1 dever\u00e1 apresentar c\u00e9u variando entre parcialmente nublado e claro. Al\u00e9m disto, naquelas \u00e1reas com chuvas intensas, rajadas de vento n\u00e3o est\u00e3o descartadas.<\/span><\/p>\n<p style=\"text-align: justify;\"><span style=\"font-weight: 400;\">Especificamente para Fortaleza, a Funceme indica que, at\u00e9 esta sexta, as precipita\u00e7\u00f5es dever\u00e3o se <\/span><b>concentrar entre os per\u00edodos da madrugada e manh\u00e3.<\/b><span style=\"font-weight: 400;\">.<\/span><\/p>\n<p style=\"text-align: justify;\"><b>Balan\u00e7o<\/b><\/p>\n<p style=\"text-align: justify;\"><span style=\"font-weight: 400;\">No intervalo entre as 7h de ontem e as 7h de hoje, foram registradas chuvas em, pelo menos, 55 munic\u00edpios. Dados parciais apontam que os maiores acumulados foram em <\/span><b>Tamboril<\/b><span style=\"font-weight: 400;\"> (58 mm), <\/span><b>Crate\u00fas<\/b><span style=\"font-weight: 400;\"> (48 mm), <\/span><b>Aracoiaba<\/b><span style=\"font-weight: 400;\"> (39,2 mm) e Ic\u00f3 (39 mm). Para acompanhar a atualiza\u00e7\u00e3o, basta acessar funceme.br\/calendario.<\/span><\/p>\n<p style=\"text-align: justify;\"><b>Sistemas<\/b><\/p>\n<div id=\"attachment_6328\" style=\"width: 778px\" class=\"wp-caption aligncenter\"><a href=\"http:\/\/www.funceme.br\/wp-content\/uploads\/2020\/01\/ZCIT-e1580393223883.png\"><img aria-describedby=\"caption-attachment-6328\" decoding=\"async\" loading=\"lazy\" class=\"wp-image-6328\" src=\"http:\/\/www.funceme.br\/wp-content\/uploads\/2020\/01\/ZCIT-e1580393223883.png\" alt=\"Na imagem de modelo num\u00e9rico, a ZCIT apresenta pr\u00f3ximo ao Cear\u00e1 (FOTO: Reprodu\u00e7\u00e3o)\" width=\"768\" height=\"411\" srcset=\"http:\/\/www.funceme.br\/wp-content\/uploads\/2020\/01\/ZCIT-e1580393223883.png 1663w, http:\/\/www.funceme.br\/wp-content\/uploads\/2020\/01\/ZCIT-e1580393223883-600x321.png 600w, http:\/\/www.funceme.br\/wp-content\/uploads\/2020\/01\/ZCIT-e1580393223883-768x411.png 768w, http:\/\/www.funceme.br\/wp-content\/uploads\/2020\/01\/ZCIT-e1580393223883-1200x642.png 1200w\" sizes=\"(max-width: 768px) 100vw, 768px\" \/><\/a><p id=\"caption-attachment-6328\" class=\"wp-caption-text\"><span style=\"color: #6b6b6b;\"><em>Na imagem de modelo num\u00e9rico, a ZCIT apresenta pr\u00f3ximo ao Cear\u00e1 (FOTO: Reprodu\u00e7\u00e3o\/Earth Nullscholl)<\/em><\/span><\/p><\/div>\n<p style=\"text-align: justify;\"><span style=\"font-weight: 400;\">Principal sistema indutor de chuvas no Nordeste neste per\u00edodo do ano, a ZCIT pode ser entendida com uma banda de nuvens que circunda a faixa equatorial do globo, formada principalmente pelo encontro dos ventos al\u00edsios. Ela movimenta-se em dire\u00e7\u00e3o \u00e0s \u00e1reas mais quentes do oceano.<\/span><\/p>\n<div id=\"attachment_6329\" style=\"width: 778px\" class=\"wp-caption aligncenter\"><a href=\"http:\/\/www.funceme.br\/wp-content\/uploads\/2020\/01\/vczn-e1580393377202.png\"><img aria-describedby=\"caption-attachment-6329\" decoding=\"async\" loading=\"lazy\" class=\"wp-image-6329\" src=\"http:\/\/www.funceme.br\/wp-content\/uploads\/2020\/01\/vczn-e1580393377202.png\" alt=\"V\u00f3rtice apresenta-se a leste do Nordeste FOTO: Reprodu\u00e7\u00e3o\/Earth Nullscholl)\" width=\"768\" height=\"432\" srcset=\"http:\/\/www.funceme.br\/wp-content\/uploads\/2020\/01\/vczn-e1580393377202.png 1663w, http:\/\/www.funceme.br\/wp-content\/uploads\/2020\/01\/vczn-e1580393377202-600x338.png 600w, http:\/\/www.funceme.br\/wp-content\/uploads\/2020\/01\/vczn-e1580393377202-768x432.png 768w, http:\/\/www.funceme.br\/wp-content\/uploads\/2020\/01\/vczn-e1580393377202-1200x675.png 1200w\" sizes=\"(max-width: 768px) 100vw, 768px\" \/><\/a><p id=\"caption-attachment-6329\" class=\"wp-caption-text\"><span style=\"color: #6b6b6b;\"><em>V\u00f3rtice apresenta-se a leste do Nordeste (FOTO: Reprodu\u00e7\u00e3o\/Earth Nullscholl)<\/em><\/span><\/p><\/div>\n<p style=\"text-align: justify;\"><span style=\"font-weight: 400;\">J\u00e1 o VCAN \u00e9 um sistema de circula\u00e7\u00e3o hor\u00e1ria de ventos a cerca de 12 km da superf\u00edcie. Devido ao aglomerado de nuvens que se forma nas suas bordas, pode contribuir para chuvas. J\u00e1 o centro \u00e9 seco. Ele costuma atuar por at\u00e9 quatro dias e costuma surgir na Pr\u00e9-Esta\u00e7\u00e3o, podendo se formar tamb\u00e9m em fevereiro.<\/span><\/p>\n","protected":false},"excerpt":{"rendered":"<p>O noroeste do Cear\u00e1 deve receber chuvas mais expressivas em rela\u00e7\u00e3o \u00e0s demais \u00e1reas do Estado entre quinta (30) e esta sexta-feira (31), conforme atualiza\u00e7\u00e3o da previs\u00e3o do tempo realizada na manh\u00e3 de hoje. De acordo com a Funda\u00e7\u00e3o Cearense de Meteorologia e Recursos H\u00eddricos (Funceme), a aproxima\u00e7\u00e3o da Zona de Converg\u00eancia Intertropical (ZCIT) e [&hellip;]<\/p>\n","protected":false},"author":4,"featured_media":6324,"comment_status":"closed","ping_status":"open","sticky":false,"template":"","format":"standard","meta":[],"categories":[81,15],"tags":[47,372,101,370,371],"acf":[],"_links":{"self":[{"href":"http:\/\/www.funceme.br\/index.php?rest_route=\/wp\/v2\/posts\/6323"}],"collection":[{"href":"http:\/\/www.funceme.br\/index.php?rest_route=\/wp\/v2\/posts"}],"about":[{"href":"http:\/\/www.funceme.br\/index.php?rest_route=\/wp\/v2\/types\/post"}],"author":[{"embeddable":true,"href":"http:\/\/www.funceme.br\/index.php?rest_route=\/wp\/v2\/users\/4"}],"replies":[{"embeddable":true,"href":"http:\/\/www.funceme.br\/index.php?rest_route=%2Fwp%2Fv2%2Fcomments&post=6323"}],"version-history":[{"count":4,"href":"http:\/\/www.funceme.br\/index.php?rest_route=\/wp\/v2\/posts\/6323\/revisions"}],"predecessor-version":[{"id":6330,"href":"http:\/\/www.funceme.br\/index.php?rest_route=\/wp\/v2\/posts\/6323\/revisions\/6330"}],"wp:featuredmedia":[{"embeddable":true,"href":"http:\/\/www.funceme.br\/index.php?rest_route=\/wp\/v2\/media\/6324"}],"wp:attachment":[{"href":"http:\/\/www.funceme.br\/index.php?rest_route=%2Fwp%2Fv2%2Fmedia&parent=6323"}],"wp:term":[{"taxonomy":"category","embeddable":true,"href":"http:\/\/www.funceme.br\/index.php?rest_route=%2Fwp%2Fv2%2Fcategories&post=6323"},{"taxonomy":"post_tag","embeddable":true,"href":"http:\/\/www.funceme.br\/index.php?rest_route=%2Fwp%2Fv2%2Ftags&post=6323"}],"curies":[{"name":"wp","href":"https:\/\/api.w.org\/{rel}","templated":true}]}}