{"id":6361,"date":"2020-02-07T10:09:37","date_gmt":"2020-02-07T13:09:37","guid":{"rendered":"http:\/\/www.funceme.br\/?p=6361"},"modified":"2020-02-07T10:53:00","modified_gmt":"2020-02-07T13:53:00","slug":"noroeste-e-sul-do-ceara-devem-concentrar-maiores-chuvas-no-fim-de-semana","status":"publish","type":"post","link":"http:\/\/www.funceme.br\/?p=6361","title":{"rendered":"Noroeste e sul do Cear\u00e1 devem concentrar maiores chuvas no fim de semana"},"content":{"rendered":"<div id=\"attachment_6362\" style=\"width: 778px\" class=\"wp-caption aligncenter\"><a href=\"http:\/\/www.funceme.br\/wp-content\/uploads\/2020\/02\/WhatsApp-Image-2020-02-05-at-14.10.16.jpeg\"><img aria-describedby=\"caption-attachment-6362\" decoding=\"async\" loading=\"lazy\" class=\"wp-image-6362\" src=\"http:\/\/www.funceme.br\/wp-content\/uploads\/2020\/02\/WhatsApp-Image-2020-02-05-at-14.10.16.jpeg\" alt=\"Parte do Estado apresentar\u00e1 c\u00e9u mais claro nos pr\u00f3ximos dias (FOTO: Liduina Gomes)\" width=\"768\" height=\"373\" srcset=\"http:\/\/www.funceme.br\/wp-content\/uploads\/2020\/02\/WhatsApp-Image-2020-02-05-at-14.10.16.jpeg 1280w, http:\/\/www.funceme.br\/wp-content\/uploads\/2020\/02\/WhatsApp-Image-2020-02-05-at-14.10.16-600x292.jpeg 600w, http:\/\/www.funceme.br\/wp-content\/uploads\/2020\/02\/WhatsApp-Image-2020-02-05-at-14.10.16-768x373.jpeg 768w, http:\/\/www.funceme.br\/wp-content\/uploads\/2020\/02\/WhatsApp-Image-2020-02-05-at-14.10.16-1200x583.jpeg 1200w\" sizes=\"(max-width: 768px) 100vw, 768px\" \/><\/a><p id=\"caption-attachment-6362\" class=\"wp-caption-text\"><span style=\"color: #6b6b6b;\"><em>Parte do Estado apresentar\u00e1 c\u00e9u mais claro nos pr\u00f3ximos dias (FOTO: Liduina Gomes)<\/em><\/span><\/p><\/div>\n<p style=\"text-align: justify;\"><span style=\"font-weight: 300;\">O fim de semana no Cear\u00e1 chega com tend\u00eancia de redu\u00e7\u00e3o nos acumulados e tamb\u00e9m das \u00e1reas com chances de chuva, conforme previs\u00e3o do tempo realizada na manh\u00e3 desta sexta-feira (7) pela Funda\u00e7\u00e3o Cearense de Meteorologia e Recursos H\u00eddricos (Funceme).<\/span><\/p>\n<p style=\"text-align: justify;\"><span style=\"font-weight: 300;\">Neste momento, a Zona da Converg\u00eancia Intertropical (ZCIT) encontra-se pr\u00f3ximo ao Estado, por\u00e9m, ela n\u00e3o est\u00e1 apresentando fraca convectividade, que \u00e9 a subida do ar quente at\u00e9 a base das nuvens e altera\u00e7\u00e3o da umidade relativa do ar, situa\u00e7\u00e3o necess\u00e1ria para \u201cqueda\u201d da chuva.<\/span><\/p>\n<p style=\"text-align: justify;\"><span style=\"font-weight: 300;\">Para hoje, a tend\u00eancia \u00e9 de predom\u00ednio de nebulosidade vari\u00e1vel em todo o Estado, mas com eventos de precipita\u00e7\u00f5es no <\/span><b>Litoral Norte<\/b><span style=\"font-weight: 300;\">, <\/span><b>Ibiapaba<\/b><span style=\"font-weight: 300;\"> e tamb\u00e9m na por\u00e7\u00e3o mais ao <\/span><b>sul<\/b><span style=\"font-weight: 300;\"> do Estado, principalmente entre os per\u00edodos das tarde e da noite. Nas demais \u00e1reas ainda h\u00e1 possibilidade, por\u00e9m, mais reduzidas e de forma isolada. Para o s\u00e1bado, o cen\u00e1rio dever\u00e1 ser semelhante.<\/span><\/p>\n<p style=\"text-align: justify;\"><span style=\"font-weight: 300;\">Para o domingo (9), os resultados de modelos num\u00e9ricos de previs\u00e3o indicam leve melhoria quando comparado ao s\u00e1bado, principalmente para a Regi\u00e3o Metropolitana de Fortaleza e pr\u00f3pria Capital na madrugada e in\u00edcio da manh\u00e3, mas os acumulados n\u00e3o dever\u00e3o ser significativo.<\/span><\/p>\n<p style=\"text-align: justify;\"><span style=\"font-weight: 300;\">De forma geral, a Funceme aponta que o sul e o noroeste do Estado dever\u00e3o concentrar as maiores precipita\u00e7\u00f5es nestes tr\u00eas dias. Por\u00e9m, novas an\u00e1lises ser\u00e3o realizadas na tarde desta sexta e tamb\u00e9m nas manh\u00e3s do fim de semana. Caso seja necess\u00e1rio, mudan\u00e7as ser\u00e3o indicadas no site do \u00f3rg\u00e3o.<\/span><\/p>\n","protected":false},"excerpt":{"rendered":"<p>O fim de semana no Cear\u00e1 chega com tend\u00eancia de redu\u00e7\u00e3o nos acumulados e tamb\u00e9m das \u00e1reas com chances de chuva, conforme previs\u00e3o do tempo realizada na manh\u00e3 desta sexta-feira (7) pela Funda\u00e7\u00e3o Cearense de Meteorologia e Recursos H\u00eddricos (Funceme). Neste momento, a Zona da Converg\u00eancia Intertropical (ZCIT) encontra-se pr\u00f3ximo ao Estado, por\u00e9m, ela n\u00e3o [&hellip;]<\/p>\n","protected":false},"author":4,"featured_media":6362,"comment_status":"closed","ping_status":"open","sticky":false,"template":"","format":"standard","meta":[],"categories":[81,15],"tags":[47,101],"acf":[],"_links":{"self":[{"href":"http:\/\/www.funceme.br\/index.php?rest_route=\/wp\/v2\/posts\/6361"}],"collection":[{"href":"http:\/\/www.funceme.br\/index.php?rest_route=\/wp\/v2\/posts"}],"about":[{"href":"http:\/\/www.funceme.br\/index.php?rest_route=\/wp\/v2\/types\/post"}],"author":[{"embeddable":true,"href":"http:\/\/www.funceme.br\/index.php?rest_route=\/wp\/v2\/users\/4"}],"replies":[{"embeddable":true,"href":"http:\/\/www.funceme.br\/index.php?rest_route=%2Fwp%2Fv2%2Fcomments&post=6361"}],"version-history":[{"count":3,"href":"http:\/\/www.funceme.br\/index.php?rest_route=\/wp\/v2\/posts\/6361\/revisions"}],"predecessor-version":[{"id":6365,"href":"http:\/\/www.funceme.br\/index.php?rest_route=\/wp\/v2\/posts\/6361\/revisions\/6365"}],"wp:featuredmedia":[{"embeddable":true,"href":"http:\/\/www.funceme.br\/index.php?rest_route=\/wp\/v2\/media\/6362"}],"wp:attachment":[{"href":"http:\/\/www.funceme.br\/index.php?rest_route=%2Fwp%2Fv2%2Fmedia&parent=6361"}],"wp:term":[{"taxonomy":"category","embeddable":true,"href":"http:\/\/www.funceme.br\/index.php?rest_route=%2Fwp%2Fv2%2Fcategories&post=6361"},{"taxonomy":"post_tag","embeddable":true,"href":"http:\/\/www.funceme.br\/index.php?rest_route=%2Fwp%2Fv2%2Ftags&post=6361"}],"curies":[{"name":"wp","href":"https:\/\/api.w.org\/{rel}","templated":true}]}}