{"id":6465,"date":"2020-02-21T08:18:48","date_gmt":"2020-02-21T11:18:48","guid":{"rendered":"http:\/\/www.funceme.br\/?p=6465"},"modified":"2020-02-21T11:01:20","modified_gmt":"2020-02-21T14:01:20","slug":"macrorregiao-do-cariri-concentra-maiores-acumulados-entre-quinta-20-e-sexta-21","status":"publish","type":"post","link":"http:\/\/www.funceme.br\/?p=6465","title":{"rendered":"Cariri concentra maiores acumulados entre quinta (20) e sexta-feira (21)"},"content":{"rendered":"<div id=\"attachment_6472\" style=\"width: 778px\" class=\"wp-caption aligncenter\"><a href=\"http:\/\/www.funceme.br\/wp-content\/uploads\/2020\/02\/WhatsApp-Image-2020-02-15-at-10.47.05.jpeg\"><img aria-describedby=\"caption-attachment-6472\" decoding=\"async\" loading=\"lazy\" class=\"wp-image-6472\" src=\"http:\/\/www.funceme.br\/wp-content\/uploads\/2020\/02\/WhatsApp-Image-2020-02-15-at-10.47.05.jpeg\" alt=\"O sul do Estado segue com condi\u00e7\u00f5es de chuva\u00a0(FOTO: Marciel Bezerra)\" width=\"768\" height=\"576\" srcset=\"http:\/\/www.funceme.br\/wp-content\/uploads\/2020\/02\/WhatsApp-Image-2020-02-15-at-10.47.05.jpeg 1280w, http:\/\/www.funceme.br\/wp-content\/uploads\/2020\/02\/WhatsApp-Image-2020-02-15-at-10.47.05-600x450.jpeg 600w, http:\/\/www.funceme.br\/wp-content\/uploads\/2020\/02\/WhatsApp-Image-2020-02-15-at-10.47.05-768x576.jpeg 768w, http:\/\/www.funceme.br\/wp-content\/uploads\/2020\/02\/WhatsApp-Image-2020-02-15-at-10.47.05-1200x900.jpeg 1200w\" sizes=\"(max-width: 768px) 100vw, 768px\" \/><\/a><p id=\"caption-attachment-6472\" class=\"wp-caption-text\"><span style=\"color: #6b6b6b;\"><em>O sul do Estado segue com condi\u00e7\u00f5es de chuva\u00a0(FOTO: Marciel Bezerra)<\/em><\/span><\/p><\/div>\n<p style=\"text-align: justify;\"><span style=\"font-weight: 400;\">O Cear\u00e1 registrou chuvas em todas macrorregi\u00f5es, assim como em, pelo menos, 78 munic\u00edpios, entre as 7h da \u00faltima quinta-feira (20) e 7h desta sexta-feira (21), de acordo com balan\u00e7o parcial da Funda\u00e7\u00e3o Cearense de Meteorologia e Recursos H\u00eddricos (Funceme).<\/span><\/p>\n<p style=\"text-align: justify;\"><span style=\"font-weight: 400;\">A macrorregi\u00e3o do Cariri concentrou os maiores acumulados dentro do per\u00edodo observado de 24 horas. Entre as 10 maiores chuvas por posto no dia, oito foram registradas na por\u00e7\u00e3o ao sul do Estado:<\/span><\/p>\n<p style=\"text-align: justify;\"><span style=\"font-weight: 400;\">-Lavras da Mangabeira (Posto: Amaniutuba): 95 mm<\/span><\/p>\n<p style=\"text-align: justify;\"><span style=\"font-weight: 400;\">-Iguatu (Posto: Iguatu): 83 mm<\/span><\/p>\n<p style=\"text-align: justify;\"><span style=\"font-weight: 400;\">-Baixio (Posto: Baixio): 73,2 mm<\/span><\/p>\n<p style=\"text-align: justify;\"><span style=\"font-weight: 400;\">-Cari\u00fas (Posto: Carius): 70 mm<\/span><\/p>\n<p style=\"text-align: justify;\"><span style=\"font-weight: 400;\">-Aurora (Posto: Aurora): 68 mm<\/span><\/p>\n<p style=\"text-align: justify;\"><span style=\"font-weight: 400;\">-Iguatu (Posto: Bau): 66 mm<\/span><\/p>\n<p style=\"text-align: justify;\"><span style=\"font-weight: 400;\">-Umari (Posto: Sitio Canto): 66 mm<\/span><\/p>\n<p style=\"text-align: justify;\"><span style=\"font-weight: 400;\">-Umari (Posto: Umari): 65 mm<\/span><\/p>\n<p style=\"text-align: justify;\"><span style=\"font-weight: 400;\">-Ipaumirim (Posto: Ipaumirim): 62,5 mm<\/span><\/p>\n<p style=\"text-align: justify;\"><span style=\"font-weight: 400;\">-Umari (Posto: Cajazerinha): 62 mm<\/span><\/p>\n<p style=\"text-align: justify;\"><b>Previs\u00e3o<\/b><\/p>\n<p style=\"text-align: justify;\"><span style=\"font-weight: 400;\">Na an\u00e1lise das condi\u00e7\u00f5es de tempo realizada na manh\u00e3 de hoje, os meteorologistas da Funceme observaram que o Cear\u00e1 segue sob influ\u00eancia da Zona de Converg\u00eancia Intertropical (ZCIT) e da borda norte do V\u00f3rtice Cicl\u00f4nico de Altos N\u00edveis (VCAN), que, segundo os resultados dos modelos, dissipa-se hoje \u00e0 noite.<\/span><\/p>\n<p style=\"text-align: justify;\"><span style=\"font-weight: 400;\">Nos pr\u00f3ximos dias s\u00e3o esperados acumulados de chuva mais significativos na regi\u00e3o Jaguaribana e no Cariri. Eles devem ocorrer, principalmente, nos per\u00edodos da tarde e noite de hoje e tamb\u00e9m na madrugada e manh\u00e3 de s\u00e1bado (22).<\/span><\/p>\n<p style=\"text-align: justify;\"><span style=\"font-weight: 400;\">Al\u00e9m disso, h\u00e1 previs\u00e3o chuvas intensas no noroeste do estado, nos per\u00edodos da tarde e noite de amanh\u00e3. J\u00e1 para domingo, h\u00e1 uma tend\u00eancia de redu\u00e7\u00e3o nas intensidades no territ\u00f3rio como um todo. Entretanto, o Cariri deve com maiores chances de precipita\u00e7\u00f5es.<\/span><\/p>\n","protected":false},"excerpt":{"rendered":"<p>O Cear\u00e1 registrou chuvas em todas macrorregi\u00f5es, assim como em, pelo menos, 78 munic\u00edpios, entre as 7h da \u00faltima quinta-feira (20) e 7h desta sexta-feira (21), de acordo com balan\u00e7o parcial da Funda\u00e7\u00e3o Cearense de Meteorologia e Recursos H\u00eddricos (Funceme). A macrorregi\u00e3o do Cariri concentrou os maiores acumulados dentro do per\u00edodo observado de 24 horas. [&hellip;]<\/p>\n","protected":false},"author":6,"featured_media":6472,"comment_status":"closed","ping_status":"open","sticky":false,"template":"","format":"standard","meta":[],"categories":[81,15],"tags":[50,64,46],"acf":[],"_links":{"self":[{"href":"http:\/\/www.funceme.br\/index.php?rest_route=\/wp\/v2\/posts\/6465"}],"collection":[{"href":"http:\/\/www.funceme.br\/index.php?rest_route=\/wp\/v2\/posts"}],"about":[{"href":"http:\/\/www.funceme.br\/index.php?rest_route=\/wp\/v2\/types\/post"}],"author":[{"embeddable":true,"href":"http:\/\/www.funceme.br\/index.php?rest_route=\/wp\/v2\/users\/6"}],"replies":[{"embeddable":true,"href":"http:\/\/www.funceme.br\/index.php?rest_route=%2Fwp%2Fv2%2Fcomments&post=6465"}],"version-history":[{"count":6,"href":"http:\/\/www.funceme.br\/index.php?rest_route=\/wp\/v2\/posts\/6465\/revisions"}],"predecessor-version":[{"id":6471,"href":"http:\/\/www.funceme.br\/index.php?rest_route=\/wp\/v2\/posts\/6465\/revisions\/6471"}],"wp:featuredmedia":[{"embeddable":true,"href":"http:\/\/www.funceme.br\/index.php?rest_route=\/wp\/v2\/media\/6472"}],"wp:attachment":[{"href":"http:\/\/www.funceme.br\/index.php?rest_route=%2Fwp%2Fv2%2Fmedia&parent=6465"}],"wp:term":[{"taxonomy":"category","embeddable":true,"href":"http:\/\/www.funceme.br\/index.php?rest_route=%2Fwp%2Fv2%2Fcategories&post=6465"},{"taxonomy":"post_tag","embeddable":true,"href":"http:\/\/www.funceme.br\/index.php?rest_route=%2Fwp%2Fv2%2Ftags&post=6465"}],"curies":[{"name":"wp","href":"https:\/\/api.w.org\/{rel}","templated":true}]}}