{"id":6528,"date":"2020-02-29T07:00:35","date_gmt":"2020-02-29T10:00:35","guid":{"rendered":"http:\/\/www.funceme.br\/?p=6528"},"modified":"2020-02-29T09:50:44","modified_gmt":"2020-02-29T12:50:44","slug":"previsao-do-tempo-noroeste-e-sul-do-ceara-tem-chances-de-chuvas-mais-significativas-neste-fim-de-semana","status":"publish","type":"post","link":"http:\/\/www.funceme.br\/?p=6528","title":{"rendered":"Previs\u00e3o do tempo: noroeste e sul do Cear\u00e1 t\u00eam chances de chuvas mais significativas neste fim de semana"},"content":{"rendered":"<div id=\"attachment_6529\" style=\"width: 778px\" class=\"wp-caption aligncenter\"><a href=\"http:\/\/www.funceme.br\/wp-content\/uploads\/2020\/02\/WhatsApp-Image-2020-02-27-at-07.13.04.jpeg\"><img aria-describedby=\"caption-attachment-6529\" decoding=\"async\" loading=\"lazy\" class=\"wp-image-6529\" src=\"http:\/\/www.funceme.br\/wp-content\/uploads\/2020\/02\/WhatsApp-Image-2020-02-27-at-07.13.04.jpeg\" alt=\"Cariri est\u00e1 entre as \u00e1reas com chances de chuvas mais significativas (FOTO: Marciel Bezerra)\" width=\"768\" height=\"576\" srcset=\"http:\/\/www.funceme.br\/wp-content\/uploads\/2020\/02\/WhatsApp-Image-2020-02-27-at-07.13.04.jpeg 1280w, http:\/\/www.funceme.br\/wp-content\/uploads\/2020\/02\/WhatsApp-Image-2020-02-27-at-07.13.04-600x450.jpeg 600w, http:\/\/www.funceme.br\/wp-content\/uploads\/2020\/02\/WhatsApp-Image-2020-02-27-at-07.13.04-768x576.jpeg 768w, http:\/\/www.funceme.br\/wp-content\/uploads\/2020\/02\/WhatsApp-Image-2020-02-27-at-07.13.04-1200x900.jpeg 1200w\" sizes=\"(max-width: 768px) 100vw, 768px\" \/><\/a><p id=\"caption-attachment-6529\" class=\"wp-caption-text\"><em><span style=\"color: #6b6b6b;\">Cariri est\u00e1 entre as \u00e1reas com chances de chuvas mais significativas (FOTO: Marciel Bezerra)<\/span><\/em><\/p><\/div>\n<p style=\"text-align: justify;\"><span style=\"font-weight: 400;\">O \u00faltimo fim de semana do m\u00eas de fevereiro chega com predom\u00ednio de c\u00e9u variando entre parcialmente nublado com eventos de chuva em todas as macrorregi\u00f5es, segundo previs\u00e3o do tempo realizada pela Funda\u00e7\u00e3o Cearense de Meteorologia e Recursos H\u00eddricos (Funceme).<\/span><\/p>\n<p style=\"text-align: justify;\"><span style=\"font-weight: 400;\">Com a tend\u00eancia de registros em mais de 50% de precipita\u00e7\u00f5es nas macrorregi\u00f5es (eventos de chuva) do Estado, as por\u00e7\u00f5es noroeste e sul dever\u00e3o receber os maiores acumulados. J\u00e1 nas demais, chuvas com intensidades variando entre fraca e moderada.<\/span><\/p>\n<p style=\"text-align: justify;\"><span style=\"font-weight: 400;\">Em Fortaleza e Regi\u00e3o Metropolitana, as precipita\u00e7\u00f5es esperadas dever\u00e3o se concentrar entre a madrugada e o in\u00edcio da manh\u00e3, tanto do s\u00e1bado (29) como no domingo (1\u00ba), e de forma mais isolada, principalmente hoje.<\/span><\/p>\n<p style=\"text-align: justify;\"><span style=\"font-weight: 400;\">As condi\u00e7\u00f5es se d\u00e3o pelo posicionamento da Zona de Converg\u00eancia Intertropical (ZCIT) em rela\u00e7\u00e3o \u00e0 costa norte do Cear\u00e1. Atualmente, encontra-se mais afastada no comparativo com o in\u00edcio da segunda quinzena de fevereiro, quando foram registradas precipita\u00e7\u00f5es intensas em grande parte do Estado.<\/span><\/p>\n<p style=\"text-align: justify;\"><b>Balan\u00e7o<\/b><\/p>\n<p style=\"text-align: justify;\"><span style=\"font-weight: 400;\">No intervalo entre as 7h desta sexta-feira (28) e as 7h de hoje, houve chuvas em, pelo menos, <\/span><b>54 munic\u00edpios<\/b><span style=\"font-weight: 400;\">. Os maiores acumulados foram em:<\/span><\/p>\n<p style=\"text-align: justify;\"><em><span style=\"font-weight: 400;\">-Iracema (Posto A\u00e7ude Figueiredo): 70 mm<\/span><\/em><\/p>\n<p style=\"text-align: justify;\"><em><span style=\"font-weight: 400;\">-Crate\u00fas (Posto Irapu\u00e3): 49,6 mm<\/span><\/em><\/p>\n<p style=\"text-align: justify;\"><em><span style=\"font-weight: 400;\">-Quixad\u00e1 (Posto Ac. Pedras Brancas): 43,8 mm<\/span><\/em><\/p>\n<p style=\"text-align: justify;\"><em><span style=\"font-weight: 400;\">-Morada Nova (Posto Fazenda Lacraia): 38,8 mm<\/span><\/em><\/p>\n<p style=\"text-align: justify;\"><em><span style=\"font-weight: 400;\">-Banabui\u00fa (Posto Banabui\u00fa): 33,7 mm<\/span><\/em><\/p>\n<p style=\"text-align: justify;\"><span style=\"font-weight: 400;\">Mais dados em <a href=\"http:\/\/funceme.br\/calendario\">funceme.br\/calendario<\/a>.<\/span><\/p>\n","protected":false},"excerpt":{"rendered":"<p>O \u00faltimo fim de semana do m\u00eas de fevereiro chega com predom\u00ednio de c\u00e9u variando entre parcialmente nublado com eventos de chuva em todas as macrorregi\u00f5es, segundo previs\u00e3o do tempo realizada pela Funda\u00e7\u00e3o Cearense de Meteorologia e Recursos H\u00eddricos (Funceme). Com a tend\u00eancia de registros em mais de 50% de precipita\u00e7\u00f5es nas macrorregi\u00f5es (eventos de [&hellip;]<\/p>\n","protected":false},"author":4,"featured_media":6529,"comment_status":"closed","ping_status":"open","sticky":false,"template":"","format":"standard","meta":[],"categories":[81,15],"tags":[50,57,47,372],"acf":[],"_links":{"self":[{"href":"http:\/\/www.funceme.br\/index.php?rest_route=\/wp\/v2\/posts\/6528"}],"collection":[{"href":"http:\/\/www.funceme.br\/index.php?rest_route=\/wp\/v2\/posts"}],"about":[{"href":"http:\/\/www.funceme.br\/index.php?rest_route=\/wp\/v2\/types\/post"}],"author":[{"embeddable":true,"href":"http:\/\/www.funceme.br\/index.php?rest_route=\/wp\/v2\/users\/4"}],"replies":[{"embeddable":true,"href":"http:\/\/www.funceme.br\/index.php?rest_route=%2Fwp%2Fv2%2Fcomments&post=6528"}],"version-history":[{"count":2,"href":"http:\/\/www.funceme.br\/index.php?rest_route=\/wp\/v2\/posts\/6528\/revisions"}],"predecessor-version":[{"id":6531,"href":"http:\/\/www.funceme.br\/index.php?rest_route=\/wp\/v2\/posts\/6528\/revisions\/6531"}],"wp:featuredmedia":[{"embeddable":true,"href":"http:\/\/www.funceme.br\/index.php?rest_route=\/wp\/v2\/media\/6529"}],"wp:attachment":[{"href":"http:\/\/www.funceme.br\/index.php?rest_route=%2Fwp%2Fv2%2Fmedia&parent=6528"}],"wp:term":[{"taxonomy":"category","embeddable":true,"href":"http:\/\/www.funceme.br\/index.php?rest_route=%2Fwp%2Fv2%2Fcategories&post=6528"},{"taxonomy":"post_tag","embeddable":true,"href":"http:\/\/www.funceme.br\/index.php?rest_route=%2Fwp%2Fv2%2Ftags&post=6528"}],"curies":[{"name":"wp","href":"https:\/\/api.w.org\/{rel}","templated":true}]}}