{"id":6553,"date":"2020-03-04T12:54:57","date_gmt":"2020-03-04T15:54:57","guid":{"rendered":"http:\/\/www.funceme.br\/?p=6553"},"modified":"2020-03-04T13:13:36","modified_gmt":"2020-03-04T16:13:36","slug":"chove-em-cerca-de-90-municipios-independencia-no-sertao-central-tem-maior-acumulado","status":"publish","type":"post","link":"http:\/\/www.funceme.br\/?p=6553","title":{"rendered":"Chove em cerca de 90 munic\u00edpios; Independ\u00eancia, no Sert\u00e3o Central, tem maior acumulado"},"content":{"rendered":"<div id=\"attachment_6557\" style=\"width: 778px\" class=\"wp-caption aligncenter\"><a href=\"http:\/\/www.funceme.br\/wp-content\/uploads\/2020\/03\/f566d1e2-f075-457f-ab43-dead0d63f118.jpeg\"><img aria-describedby=\"caption-attachment-6557\" decoding=\"async\" loading=\"lazy\" class=\"wp-image-6557\" src=\"http:\/\/www.funceme.br\/wp-content\/uploads\/2020\/03\/f566d1e2-f075-457f-ab43-dead0d63f118.jpeg\" alt=\"Cear\u00e1 segue com previs\u00e3o de chuva nos pr\u00f3ximos dias (FOTO: Marciel Bezerra)\" width=\"768\" height=\"576\" srcset=\"http:\/\/www.funceme.br\/wp-content\/uploads\/2020\/03\/f566d1e2-f075-457f-ab43-dead0d63f118.jpeg 1280w, http:\/\/www.funceme.br\/wp-content\/uploads\/2020\/03\/f566d1e2-f075-457f-ab43-dead0d63f118-600x450.jpeg 600w, http:\/\/www.funceme.br\/wp-content\/uploads\/2020\/03\/f566d1e2-f075-457f-ab43-dead0d63f118-768x576.jpeg 768w, http:\/\/www.funceme.br\/wp-content\/uploads\/2020\/03\/f566d1e2-f075-457f-ab43-dead0d63f118-1200x900.jpeg 1200w\" sizes=\"(max-width: 768px) 100vw, 768px\" \/><\/a><p id=\"caption-attachment-6557\" class=\"wp-caption-text\"><span style=\"color: #6b6b6b;\"><em>Cear\u00e1 segue com previs\u00e3o de chuva nos pr\u00f3ximos dias (FOTO: Marciel Bezerra)<\/em><\/span><\/p><\/div>\n<p style=\"text-align: justify;\"><span style=\"font-weight: 400;\">O munic\u00edpio de Independ\u00eancia, na macrorregi\u00e3o do Sert\u00e3o Central e Inhamuns, registrou o maior acumulado de chuvas entre as 7h da \u00faltima ter\u00e7a-feira (3) e desta quarta-feira (4), de acordo com dados parciais observados pela Funda\u00e7\u00e3o Cearense de Meteorologia e Recursos H\u00eddricos (Funceme). A quantidade observada no posto Logradouro foi 70 mil\u00edmetros.<\/span><\/p>\n<p style=\"text-align: justify;\"><span style=\"font-weight: 400;\">Os principais acumulados do intervalo das \u00faltimas 24 horas s\u00e3o*:<\/span><\/p>\n<p><em>-Independ\u00eancia (Posto Logradouro): 70 mm<\/em><\/p>\n<p><em>-Brejo Santo (Posto Po\u00e7o do Pau): 66,4 mm<\/em><\/p>\n<p><em>-Granja (Posto Tiaia de Baixo) : 49 mm<\/em><\/p>\n<p><em>-Ocara (Posto Serragem) : 47 mm<\/em><\/p>\n<p><em>-General Sampaio (Posto General Sampaio): 42 mm<\/em><\/p>\n<p>Dados preliminares indicam que houve registros de chuva em, pelo menos, 89 munic\u00edpios. Para acompanhar as atualiza\u00e7\u00f5es, basta acessar funceme.br\/calendario.<\/p>\n<p style=\"text-align: justify;\"><strong>Previs\u00e3o<\/strong><\/p>\n<p style=\"text-align: justify;\"><span style=\"font-weight: 400;\">Para esta quarta-feira e mais os pr\u00f3ximos dois dias, a Funceme aponta um cen\u00e1rio mais favor\u00e1vel \u00e0 nebulosidade vari\u00e1vel com eventos de chuva \u2014 ou seja, tend\u00eancia de precipita\u00e7\u00f5es em mais de 50% do territ\u00f3rio de cada macrorregi\u00e3o.<\/span><\/p>\n","protected":false},"excerpt":{"rendered":"<p>O munic\u00edpio de Independ\u00eancia, na macrorregi\u00e3o do Sert\u00e3o Central e Inhamuns, registrou o maior acumulado de chuvas entre as 7h da \u00faltima ter\u00e7a-feira (3) e desta quarta-feira (4), de acordo com dados parciais observados pela Funda\u00e7\u00e3o Cearense de Meteorologia e Recursos H\u00eddricos (Funceme). A quantidade observada no posto Logradouro foi 70 mil\u00edmetros. Os principais acumulados [&hellip;]<\/p>\n","protected":false},"author":6,"featured_media":6557,"comment_status":"closed","ping_status":"open","sticky":false,"template":"","format":"standard","meta":[],"categories":[81,15],"tags":[64,378,300],"acf":[],"_links":{"self":[{"href":"http:\/\/www.funceme.br\/index.php?rest_route=\/wp\/v2\/posts\/6553"}],"collection":[{"href":"http:\/\/www.funceme.br\/index.php?rest_route=\/wp\/v2\/posts"}],"about":[{"href":"http:\/\/www.funceme.br\/index.php?rest_route=\/wp\/v2\/types\/post"}],"author":[{"embeddable":true,"href":"http:\/\/www.funceme.br\/index.php?rest_route=\/wp\/v2\/users\/6"}],"replies":[{"embeddable":true,"href":"http:\/\/www.funceme.br\/index.php?rest_route=%2Fwp%2Fv2%2Fcomments&post=6553"}],"version-history":[{"count":4,"href":"http:\/\/www.funceme.br\/index.php?rest_route=\/wp\/v2\/posts\/6553\/revisions"}],"predecessor-version":[{"id":6559,"href":"http:\/\/www.funceme.br\/index.php?rest_route=\/wp\/v2\/posts\/6553\/revisions\/6559"}],"wp:featuredmedia":[{"embeddable":true,"href":"http:\/\/www.funceme.br\/index.php?rest_route=\/wp\/v2\/media\/6557"}],"wp:attachment":[{"href":"http:\/\/www.funceme.br\/index.php?rest_route=%2Fwp%2Fv2%2Fmedia&parent=6553"}],"wp:term":[{"taxonomy":"category","embeddable":true,"href":"http:\/\/www.funceme.br\/index.php?rest_route=%2Fwp%2Fv2%2Fcategories&post=6553"},{"taxonomy":"post_tag","embeddable":true,"href":"http:\/\/www.funceme.br\/index.php?rest_route=%2Fwp%2Fv2%2Ftags&post=6553"}],"curies":[{"name":"wp","href":"https:\/\/api.w.org\/{rel}","templated":true}]}}