{"id":6586,"date":"2020-03-06T11:42:30","date_gmt":"2020-03-06T14:42:30","guid":{"rendered":"http:\/\/www.funceme.br\/?p=6586"},"modified":"2020-03-06T11:49:40","modified_gmt":"2020-03-06T14:49:40","slug":"noroeste-e-sul-seguem-com-chances-de-chuvas-mais-expressivas-no-fim-de-semana","status":"publish","type":"post","link":"http:\/\/www.funceme.br\/?p=6586","title":{"rendered":"Noroeste e sul seguem com chances de chuvas mais expressivas no fim de semana"},"content":{"rendered":"<div id=\"attachment_6590\" style=\"width: 778px\" class=\"wp-caption aligncenter\"><a href=\"http:\/\/www.funceme.br\/wp-content\/uploads\/2020\/03\/WhatsApp-Image-2020-03-05-at-17.06.58-1.jpeg\"><img aria-describedby=\"caption-attachment-6590\" decoding=\"async\" loading=\"lazy\" class=\"wp-image-6590\" src=\"http:\/\/www.funceme.br\/wp-content\/uploads\/2020\/03\/WhatsApp-Image-2020-03-05-at-17.06.58-1.jpeg\" alt=\"Cariri deve receber chuvas mais intensas neste fim de semana (FOTO: Marciel Bezerra)\" width=\"768\" height=\"576\" srcset=\"http:\/\/www.funceme.br\/wp-content\/uploads\/2020\/03\/WhatsApp-Image-2020-03-05-at-17.06.58-1.jpeg 1280w, http:\/\/www.funceme.br\/wp-content\/uploads\/2020\/03\/WhatsApp-Image-2020-03-05-at-17.06.58-1-600x450.jpeg 600w, http:\/\/www.funceme.br\/wp-content\/uploads\/2020\/03\/WhatsApp-Image-2020-03-05-at-17.06.58-1-768x576.jpeg 768w, http:\/\/www.funceme.br\/wp-content\/uploads\/2020\/03\/WhatsApp-Image-2020-03-05-at-17.06.58-1-1200x900.jpeg 1200w\" sizes=\"(max-width: 768px) 100vw, 768px\" \/><\/a><p id=\"caption-attachment-6590\" class=\"wp-caption-text\"><span style=\"color: #6b6b6b;\"><em>Cariri deve receber chuvas mais intensas neste fim de semana (FOTO: Marciel Bezerra)<\/em><\/span><\/p><\/div>\n<p style=\"text-align: justify;\"><span style=\"font-weight: 300;\">O pr\u00f3ximo fim de semana, de 7 a 8 de mar\u00e7o, apresenta condi\u00e7\u00f5es favor\u00e1veis a precipita\u00e7\u00f5es em todas as macrorregi\u00f5es do Cear\u00e1, de acordo com previs\u00e3o elaborada pela Funda\u00e7\u00e3o Cearense de Meteorologia e Recursos H\u00eddricos (Funceme) na manh\u00e3 desta sexta-feira (6). O \u00f3rg\u00e3o aponta ainda a tend\u00eancia de predom\u00ednio de nebulosidade vari\u00e1vel no estado como um todo.<\/span><\/p>\n<p style=\"text-align: justify;\"><span style=\"font-weight: 300;\">Ainda ao longo do dia de hoje, as regi\u00f5es mais favor\u00e1veis para eventos de chuva s\u00e3o Ibiapaba, Litoral Norte, Maci\u00e7o de Baturit\u00e9 e Jaguaribana. Nas demais, o cen\u00e1rio \u00e9 de precipita\u00e7\u00f5es isoladas.<\/span><\/p>\n<p style=\"text-align: justify;\"><span style=\"font-weight: 300;\">De uma forma geral, o s\u00e1bado e o domingo n\u00e3o deve ser de acumulados expressivos, exceto em \u00e1reas do noroeste e sul do Cear\u00e1, que apresentam melhores condi\u00e7\u00f5es de chuva. Em Fortaleza e Regi\u00e3o Metropolitana, a tend\u00eancia \u00e9 de registros r\u00e1pidos entre madrugada e manh\u00e3 dos pr\u00f3ximos dois dias.<\/span><\/p>\n","protected":false},"excerpt":{"rendered":"<p>O pr\u00f3ximo fim de semana, de 7 a 8 de mar\u00e7o, apresenta condi\u00e7\u00f5es favor\u00e1veis a precipita\u00e7\u00f5es em todas as macrorregi\u00f5es do Cear\u00e1, de acordo com previs\u00e3o elaborada pela Funda\u00e7\u00e3o Cearense de Meteorologia e Recursos H\u00eddricos (Funceme) na manh\u00e3 desta sexta-feira (6). O \u00f3rg\u00e3o aponta ainda a tend\u00eancia de predom\u00ednio de nebulosidade vari\u00e1vel no estado como [&hellip;]<\/p>\n","protected":false},"author":6,"featured_media":6590,"comment_status":"closed","ping_status":"open","sticky":false,"template":"","format":"standard","meta":[],"categories":[81,15],"tags":[57,170,101],"acf":[],"_links":{"self":[{"href":"http:\/\/www.funceme.br\/index.php?rest_route=\/wp\/v2\/posts\/6586"}],"collection":[{"href":"http:\/\/www.funceme.br\/index.php?rest_route=\/wp\/v2\/posts"}],"about":[{"href":"http:\/\/www.funceme.br\/index.php?rest_route=\/wp\/v2\/types\/post"}],"author":[{"embeddable":true,"href":"http:\/\/www.funceme.br\/index.php?rest_route=\/wp\/v2\/users\/6"}],"replies":[{"embeddable":true,"href":"http:\/\/www.funceme.br\/index.php?rest_route=%2Fwp%2Fv2%2Fcomments&post=6586"}],"version-history":[{"count":3,"href":"http:\/\/www.funceme.br\/index.php?rest_route=\/wp\/v2\/posts\/6586\/revisions"}],"predecessor-version":[{"id":6591,"href":"http:\/\/www.funceme.br\/index.php?rest_route=\/wp\/v2\/posts\/6586\/revisions\/6591"}],"wp:featuredmedia":[{"embeddable":true,"href":"http:\/\/www.funceme.br\/index.php?rest_route=\/wp\/v2\/media\/6590"}],"wp:attachment":[{"href":"http:\/\/www.funceme.br\/index.php?rest_route=%2Fwp%2Fv2%2Fmedia&parent=6586"}],"wp:term":[{"taxonomy":"category","embeddable":true,"href":"http:\/\/www.funceme.br\/index.php?rest_route=%2Fwp%2Fv2%2Fcategories&post=6586"},{"taxonomy":"post_tag","embeddable":true,"href":"http:\/\/www.funceme.br\/index.php?rest_route=%2Fwp%2Fv2%2Ftags&post=6586"}],"curies":[{"name":"wp","href":"https:\/\/api.w.org\/{rel}","templated":true}]}}