{"id":6612,"date":"2020-03-10T09:41:29","date_gmt":"2020-03-10T12:41:29","guid":{"rendered":"http:\/\/www.funceme.br\/?p=6612"},"modified":"2020-03-10T09:48:13","modified_gmt":"2020-03-10T12:48:13","slug":"funceme-participa-de-encontro-regional-de-combate-a-desertificacao-em-quixada","status":"publish","type":"post","link":"http:\/\/www.funceme.br\/?p=6612","title":{"rendered":"Funceme participa de Encontro Regional de Combate \u00e0 Desertifica\u00e7\u00e3o, em Quixad\u00e1"},"content":{"rendered":"<p style=\"text-align: center;\"><span style=\"color: #fc6836;\"><i><span style=\"font-weight: 300;\">Evento traz estudiosos de Institui\u00e7\u00f5es de Ensino de todo Brasil para debates sobre desertifica\u00e7\u00e3o<\/span><\/i><\/span><\/p>\n<div id=\"attachment_6613\" style=\"width: 778px\" class=\"wp-caption aligncenter\"><a href=\"http:\/\/www.funceme.br\/wp-content\/uploads\/2020\/03\/Projeto-Brum-3.jpg\"><img aria-describedby=\"caption-attachment-6613\" decoding=\"async\" loading=\"lazy\" class=\"wp-image-6613\" src=\"http:\/\/www.funceme.br\/wp-content\/uploads\/2020\/03\/Projeto-Brum-3.jpg\" alt=\"\u00c1rea do projeto Brum antes das a\u00e7\u00f5es da Funceme (FOTO: Divulga\u00e7\u00e3o\/Funceme)\" width=\"768\" height=\"576\" srcset=\"http:\/\/www.funceme.br\/wp-content\/uploads\/2020\/03\/Projeto-Brum-3.jpg 3648w, http:\/\/www.funceme.br\/wp-content\/uploads\/2020\/03\/Projeto-Brum-3-600x450.jpg 600w, http:\/\/www.funceme.br\/wp-content\/uploads\/2020\/03\/Projeto-Brum-3-768x576.jpg 768w, http:\/\/www.funceme.br\/wp-content\/uploads\/2020\/03\/Projeto-Brum-3-1200x900.jpg 1200w\" sizes=\"(max-width: 768px) 100vw, 768px\" \/><\/a><p id=\"caption-attachment-6613\" class=\"wp-caption-text\"><span style=\"color: #6b6b6b;\"><em>\u00c1rea do projeto Brum antes das a\u00e7\u00f5es de combate \u00e1 desertifica\u00e7\u00e3o em Jaguaribe (FOTO: Divulga\u00e7\u00e3o\/Funceme)<\/em><\/span><\/p><\/div>\n<p><span style=\"font-weight: 300;\">A Funda\u00e7\u00e3o Cearense de Meteorologia\u00a0 e Recursos H\u00eddricos (Funceme) participar\u00e1 do II Encontro de Iniciativas e Estudos de Combate \u00e0 Desertifica\u00e7\u00e3o (EICD 2020) nos dias 25 a 27 de mar\u00e7o, na Faculdade CISNE, em Quixad\u00e1.<\/span><\/p>\n<p><span style=\"font-weight: 300;\">O evento, que tem por objetivo debater medidas de enfrentamento ao fen\u00f4meno da desertifica\u00e7\u00e3o no Semi\u00e1rido Brasileiro, em especial no territ\u00f3rio cearense, ocorre ap\u00f3s quase uma d\u00e9cada da realiza\u00e7\u00e3o da Confer\u00eancia Internacional: Clima, Sustentabilidade e Desenvolvimento em Regi\u00f5es Semi\u00e1ridas (ICID 2010), sediada em Fortaleza.<\/span><\/p>\n<p><span style=\"font-weight: 300;\">A perspectiva \u00e9 de que o evento avalie os indicadores e a\u00e7\u00f5es do governo estadual no combate \u00e0 desertifica\u00e7\u00e3o, os munic\u00edpios atingidos e o que tem sido realizado pela Uni\u00e3o na implanta\u00e7\u00e3o do Programa de A\u00e7\u00e3o Nacional de Combate \u00e0 Desertifica\u00e7\u00e3o e Mitiga\u00e7\u00e3o dos Efeitos da Seca (PAM \u2013 Brasil). O evento tamb\u00e9m vai discutir com estudiosos e institui\u00e7\u00f5es competentes, os efeitos da desertifica\u00e7\u00e3o, al\u00e9m de m\u00e9todos para conviv\u00eancia com o semi\u00e1rido.<\/span><\/p>\n<p><span style=\"font-weight: 300;\">A programa\u00e7\u00e3o est\u00e1 estruturada no formato de confer\u00eancias, com realiza\u00e7\u00e3o de palestras e apresenta\u00e7\u00e3o de oito mesas tem\u00e1ticas. Na ocasi\u00e3o, as pesquisadoras Margareth Ben\u00edcio e S\u00f4nia Perdig\u00e3o participar\u00e3o de mesas de debate. Al\u00e9m disso, ser\u00e3o expostos projetos de pesquisa realizado pela Funceme.<\/span><\/p>\n<p><b>Mais sobre o EICD<\/b><\/p>\n<p><span style=\"font-weight: 300;\">O II EICD \u00e9 uma iniciativa dos Comit\u00eas de Bacias Hidrogr\u00e1fica do Corea\u00fa e Banabui\u00fa, em parceria com a Cogerh, Institui\u00e7\u00f5es de Ensino, Pesquisa e Extens\u00e3o (UFC, IFCE de Iguatu, Quixad\u00e1), Faculdade CISNE e Funceme, al\u00e9m de institui\u00e7\u00f5es da sociedade civil locais e regionais, com o apoio da Prefeitura de Quixad\u00e1.<\/span><\/p>\n<p><span style=\"font-weight: 300;\">Participam do encontro profissionais t\u00e9cnicos de institui\u00e7\u00f5es p\u00fablicas de todo o Brasil cuja \u00e1rea de atua\u00e7\u00e3o envolve pol\u00edticas de recursos h\u00eddricos. Tamb\u00e9m s\u00e3o aguardadas ONGs que trabalham a tem\u00e1tica, sociedade civil organizada, estudantes e professores envolvidos nas atividades de pesquisa, membros dos comit\u00eas das bacias hidrogr\u00e1ficas, agricultores experimentadores que desenvolvem a\u00e7\u00f5es de mitiga\u00e7\u00e3o dos efeitos da desertifica\u00e7\u00e3o.<\/span><\/p>\n<p><b>Servi\u00e7o<\/b><\/p>\n<p><span style=\"font-weight: 300;\">II Encontro de Iniciativas e Estudos de Combate \u00e0 Desertifica\u00e7\u00e3o (EICD 2020)<\/span><\/p>\n<p><span style=\"font-weight: 300;\">Data: 25 a 27 de mar\u00e7o de 2020<\/span><\/p>\n<p><span style=\"font-weight: 300;\">Local: Faculdade CISNE (Av. Dr. Ant\u00f4nio Moreira Magalh\u00e3es, 453- Jardim Mon\u00f3litos, Quixad\u00e1)<\/span><\/p>\n","protected":false},"excerpt":{"rendered":"<p>Evento traz estudiosos de Institui\u00e7\u00f5es de Ensino de todo Brasil para debates sobre desertifica\u00e7\u00e3o A Funda\u00e7\u00e3o Cearense de Meteorologia\u00a0 e Recursos H\u00eddricos (Funceme) participar\u00e1 do II Encontro de Iniciativas e Estudos de Combate \u00e0 Desertifica\u00e7\u00e3o (EICD 2020) nos dias 25 a 27 de mar\u00e7o, na Faculdade CISNE, em Quixad\u00e1. O evento, que tem por objetivo [&hellip;]<\/p>\n","protected":false},"author":4,"featured_media":6613,"comment_status":"closed","ping_status":"open","sticky":false,"template":"","format":"standard","meta":[],"categories":[289,15],"tags":[290,57,98,380],"acf":[],"_links":{"self":[{"href":"http:\/\/www.funceme.br\/index.php?rest_route=\/wp\/v2\/posts\/6612"}],"collection":[{"href":"http:\/\/www.funceme.br\/index.php?rest_route=\/wp\/v2\/posts"}],"about":[{"href":"http:\/\/www.funceme.br\/index.php?rest_route=\/wp\/v2\/types\/post"}],"author":[{"embeddable":true,"href":"http:\/\/www.funceme.br\/index.php?rest_route=\/wp\/v2\/users\/4"}],"replies":[{"embeddable":true,"href":"http:\/\/www.funceme.br\/index.php?rest_route=%2Fwp%2Fv2%2Fcomments&post=6612"}],"version-history":[{"count":4,"href":"http:\/\/www.funceme.br\/index.php?rest_route=\/wp\/v2\/posts\/6612\/revisions"}],"predecessor-version":[{"id":6617,"href":"http:\/\/www.funceme.br\/index.php?rest_route=\/wp\/v2\/posts\/6612\/revisions\/6617"}],"wp:featuredmedia":[{"embeddable":true,"href":"http:\/\/www.funceme.br\/index.php?rest_route=\/wp\/v2\/media\/6613"}],"wp:attachment":[{"href":"http:\/\/www.funceme.br\/index.php?rest_route=%2Fwp%2Fv2%2Fmedia&parent=6612"}],"wp:term":[{"taxonomy":"category","embeddable":true,"href":"http:\/\/www.funceme.br\/index.php?rest_route=%2Fwp%2Fv2%2Fcategories&post=6612"},{"taxonomy":"post_tag","embeddable":true,"href":"http:\/\/www.funceme.br\/index.php?rest_route=%2Fwp%2Fv2%2Ftags&post=6612"}],"curies":[{"name":"wp","href":"https:\/\/api.w.org\/{rel}","templated":true}]}}