{"id":6665,"date":"2020-03-16T09:38:35","date_gmt":"2020-03-16T12:38:35","guid":{"rendered":"http:\/\/www.funceme.br\/?p=6665"},"modified":"2020-03-16T11:22:25","modified_gmt":"2020-03-16T14:22:25","slug":"com-170-mm-tarrafas-no-sertao-central-e-inhamuns-tem-sua-maior-chuva-da-historia","status":"publish","type":"post","link":"http:\/\/www.funceme.br\/?p=6665","title":{"rendered":"Quatro munic\u00edpios do Cear\u00e1 registram acumulados hist\u00f3ricos em 24 horas"},"content":{"rendered":"<div id=\"attachment_6666\" style=\"width: 778px\" class=\"wp-caption aligncenter\"><a href=\"http:\/\/www.funceme.br\/wp-content\/uploads\/2020\/03\/WhatsApp-Image-2020-03-14-at-10.43.59.jpeg\"><img aria-describedby=\"caption-attachment-6666\" decoding=\"async\" loading=\"lazy\" class=\"wp-image-6666\" src=\"http:\/\/www.funceme.br\/wp-content\/uploads\/2020\/03\/WhatsApp-Image-2020-03-14-at-10.43.59.jpeg\" alt=\"Todas as regi\u00f5es registraram chuvas na \u00faltimas 24 horas (FOTO: Marciel Bezerra)\" width=\"768\" height=\"576\" srcset=\"http:\/\/www.funceme.br\/wp-content\/uploads\/2020\/03\/WhatsApp-Image-2020-03-14-at-10.43.59.jpeg 1280w, http:\/\/www.funceme.br\/wp-content\/uploads\/2020\/03\/WhatsApp-Image-2020-03-14-at-10.43.59-600x450.jpeg 600w, http:\/\/www.funceme.br\/wp-content\/uploads\/2020\/03\/WhatsApp-Image-2020-03-14-at-10.43.59-768x576.jpeg 768w, http:\/\/www.funceme.br\/wp-content\/uploads\/2020\/03\/WhatsApp-Image-2020-03-14-at-10.43.59-1200x900.jpeg 1200w\" sizes=\"(max-width: 768px) 100vw, 768px\" \/><\/a><p id=\"caption-attachment-6666\" class=\"wp-caption-text\"><span style=\"color: #6b6b6b;\"><em>Todas as regi\u00f5es registraram chuvas na \u00faltimas 24 horas (FOTO: Marciel Bezerra)<\/em><\/span><\/p><\/div>\n<p><span style=\"font-weight: 400;\">Quatro munic\u00edpios do Cear\u00e1 registraram, no intervalo entre as 7h deste domingo (15) e as 7h desta segunda-feira (16), seus maiores acumulados hist\u00f3ricos, conforme dados da Funda\u00e7\u00e3o Cearense de Meteorologia e Recursos H\u00eddricos (Funceme). Foram eles<\/span><b>: Lavras da Mangabeira, Tarrafas, Parambu e V\u00e1rzea Alegre<\/b><span style=\"font-weight: 400;\">.<\/span><\/p>\n<p><span style=\"font-weight: 400;\">No posto pluviom\u00e9trico de Amaniutuba, em <\/span><b>Lavras<\/b><span style=\"font-weight: 400;\">, foram registrados<\/span><b> 205 mil\u00edmetros<\/b><span style=\"font-weight: 400;\">. Al\u00e9m de ser o maior acumulado do Cear\u00e1 no intervalo de 24 horas, foi tamb\u00e9m o mais expressivo da s\u00e9rie hist\u00f3rica do munic\u00edpio. At\u00e9 ent\u00e3o, a maior precipita\u00e7\u00e3o havia sido entre os dias 30 e 31 de mar\u00e7o do ano passado, com 181 mm.<\/span><\/p>\n<p><span style=\"font-weight: 400;\">J\u00e1 em <\/span><b>Tarrafas<\/b><span style=\"font-weight: 400;\">, localizado na macrorregi\u00e3o do Sert\u00e3o Central e Inhamuns, a chuva foi de <\/span><b>170 mil\u00edmetros<\/b><span style=\"font-weight: 400;\">. De acordo com a Funceme, este acumulado ultrapassou o recorde de 154 mm, registrado entre os dias 14 e 15 de janeiro de 2005.<\/span><\/p>\n<p><span style=\"font-weight: 400;\">No posto Novo Assis, em <\/span><b>Parambu<\/b><span style=\"font-weight: 400;\">, o acumulado entre s\u00e1bado e domingo foi de <\/span><b>165 mm<\/b><span style=\"font-weight: 400;\">, superou os 149,9 mm registrado em 9 de abril de 1985, ou seja, h\u00e1 cerca de 35 anos.<\/span><\/p>\n<p><span style=\"font-weight: 400;\">Por fim, <\/span><b>V\u00e1rzea Alegre<\/b><span style=\"font-weight: 400;\">, munic\u00edpio do Cariri, acumulou um total de <\/span><b>158 mm. <\/b><span style=\"font-weight: 400;\">At\u00e9 esta segunda-feira (16), o maior acumulado havia sido entre 13 e 14 de outubro de 1976. Naquela ocasi\u00e3o, a chuva registrada foi de 152,2 mm.<\/span><\/p>\n<p><b>Balan\u00e7o<\/b><\/p>\n<p><span style=\"font-weight: 400;\">No balan\u00e7o parcial, a Funceme informa registros em, pelo menos, <\/span><b>140 munic\u00edpios<\/b><span style=\"font-weight: 400;\"> entre as manh\u00e3s de ontem e de hoje. Tais chuvas recentes seguem sendo causadas por \u00e1reas de instabilidades associadas \u00e0 proximidade da Zona de Converg\u00eancia Intertropical (ZCIT) da costa norte do Cear\u00e1.<\/span><\/p>\n<p><b>Previs\u00e3o<\/b><\/p>\n<p><span style=\"font-weight: 400;\">At\u00e9, pelo menos, esta ter\u00e7a-feira (18), o estado deve seguir com tend\u00eancia de nebulosidade vari\u00e1vel e eventos de chuva em todas as macrorregi\u00f5es. J\u00e1 na quarta (19), reduz-se as condi\u00e7\u00f5es quanto \u00e0 \u00e1rea de abrang\u00eancia, j\u00e1 que maior parte do Cear\u00e1 dever\u00e1 ficar sob condi\u00e7\u00f5es de precipita\u00e7\u00f5es isoladas.<\/span><\/p>\n<p>&nbsp;<\/p>\n","protected":false},"excerpt":{"rendered":"<p>Quatro munic\u00edpios do Cear\u00e1 registraram, no intervalo entre as 7h deste domingo (15) e as 7h desta segunda-feira (16), seus maiores acumulados hist\u00f3ricos, conforme dados da Funda\u00e7\u00e3o Cearense de Meteorologia e Recursos H\u00eddricos (Funceme). Foram eles: Lavras da Mangabeira, Tarrafas, Parambu e V\u00e1rzea Alegre. No posto pluviom\u00e9trico de Amaniutuba, em Lavras, foram registrados 205 mil\u00edmetros. [&hellip;]<\/p>\n","protected":false},"author":4,"featured_media":6666,"comment_status":"closed","ping_status":"open","sticky":false,"template":"","format":"standard","meta":[],"categories":[81,15],"tags":[50,386,82,300,384,385],"acf":[],"_links":{"self":[{"href":"http:\/\/www.funceme.br\/index.php?rest_route=\/wp\/v2\/posts\/6665"}],"collection":[{"href":"http:\/\/www.funceme.br\/index.php?rest_route=\/wp\/v2\/posts"}],"about":[{"href":"http:\/\/www.funceme.br\/index.php?rest_route=\/wp\/v2\/types\/post"}],"author":[{"embeddable":true,"href":"http:\/\/www.funceme.br\/index.php?rest_route=\/wp\/v2\/users\/4"}],"replies":[{"embeddable":true,"href":"http:\/\/www.funceme.br\/index.php?rest_route=%2Fwp%2Fv2%2Fcomments&post=6665"}],"version-history":[{"count":4,"href":"http:\/\/www.funceme.br\/index.php?rest_route=\/wp\/v2\/posts\/6665\/revisions"}],"predecessor-version":[{"id":6672,"href":"http:\/\/www.funceme.br\/index.php?rest_route=\/wp\/v2\/posts\/6665\/revisions\/6672"}],"wp:featuredmedia":[{"embeddable":true,"href":"http:\/\/www.funceme.br\/index.php?rest_route=\/wp\/v2\/media\/6666"}],"wp:attachment":[{"href":"http:\/\/www.funceme.br\/index.php?rest_route=%2Fwp%2Fv2%2Fmedia&parent=6665"}],"wp:term":[{"taxonomy":"category","embeddable":true,"href":"http:\/\/www.funceme.br\/index.php?rest_route=%2Fwp%2Fv2%2Fcategories&post=6665"},{"taxonomy":"post_tag","embeddable":true,"href":"http:\/\/www.funceme.br\/index.php?rest_route=%2Fwp%2Fv2%2Ftags&post=6665"}],"curies":[{"name":"wp","href":"https:\/\/api.w.org\/{rel}","templated":true}]}}