{"id":6717,"date":"2020-03-24T12:21:40","date_gmt":"2020-03-24T15:21:40","guid":{"rendered":"http:\/\/www.funceme.br\/?p=6717"},"modified":"2020-03-25T08:09:46","modified_gmt":"2020-03-25T11:09:46","slug":"centro-sul-deve-concentrar-principais-chuvas-do-ceara-ate-quinta-feira","status":"publish","type":"post","link":"http:\/\/www.funceme.br\/?p=6717","title":{"rendered":"Centro-sul deve concentrar principais chuvas do Cear\u00e1 at\u00e9 quinta-feira"},"content":{"rendered":"<div id=\"attachment_6718\" style=\"width: 778px\" class=\"wp-caption aligncenter\"><a href=\"http:\/\/www.funceme.br\/wp-content\/uploads\/2020\/03\/WhatsApp-Image-2020-03-24-at-08.01.57.jpeg\"><img aria-describedby=\"caption-attachment-6718\" decoding=\"async\" loading=\"lazy\" class=\"wp-image-6718\" src=\"http:\/\/www.funceme.br\/wp-content\/uploads\/2020\/03\/WhatsApp-Image-2020-03-24-at-08.01.57.jpeg\" alt=\"\u00c1rea est\u00e1 sob influ\u00eancia de uma frente fria (FOTO: Marciel Bezerra)\" width=\"768\" height=\"576\" srcset=\"http:\/\/www.funceme.br\/wp-content\/uploads\/2020\/03\/WhatsApp-Image-2020-03-24-at-08.01.57.jpeg 1280w, http:\/\/www.funceme.br\/wp-content\/uploads\/2020\/03\/WhatsApp-Image-2020-03-24-at-08.01.57-600x450.jpeg 600w, http:\/\/www.funceme.br\/wp-content\/uploads\/2020\/03\/WhatsApp-Image-2020-03-24-at-08.01.57-768x576.jpeg 768w, http:\/\/www.funceme.br\/wp-content\/uploads\/2020\/03\/WhatsApp-Image-2020-03-24-at-08.01.57-1200x900.jpeg 1200w\" sizes=\"(max-width: 768px) 100vw, 768px\" \/><\/a><p id=\"caption-attachment-6718\" class=\"wp-caption-text\"><span style=\"color: #6b6b6b;\"><em>\u00c1rea est\u00e1 sob influ\u00eancia de uma frente fria (FOTO: Marciel Bezerra)<\/em><\/span><\/p><\/div>\n<p style=\"text-align: justify;\"><span style=\"font-weight: 500;\">O centro-sul do Cear\u00e1 dever\u00e1 concentrar as principais at\u00e9 a pr\u00f3xima quinta (26), conforme previs\u00e3o do tempo realizada pela Funda\u00e7\u00e3o Cearense de Meteorologia e Recursos H\u00eddricos (Funceme) na manh\u00e3 desta ter\u00e7a-feira (24).<\/span><\/p>\n<p style=\"text-align: justify;\"><span style=\"font-weight: 500;\">O cen\u00e1rio se d\u00e1, principalmente, pela presen\u00e7a de uma frente fria localizada sobre o oceano na altura do estado da Bahia, \u00e0 leste do Nordeste. Al\u00e9m disso, embora haja, neste momento, pouca atividade convectiva (forma\u00e7\u00e3o de nuvens de chuvas mais favor\u00e1veis \u00e0s precipita\u00e7\u00f5es) na regi\u00e3o onde a Zona de Converg\u00eancia Intertropical (ZCIT) est\u00e1 localizada (abaixo da linha do Equador), esse sistema indutor tamb\u00e9m poder\u00e1 colaborar com forma\u00e7\u00e3o de chuvas no centro-sul, principalmente, o que inclui, al\u00e9m do Cariri, Sert\u00e3o Central e Inhamuns, mas tamb\u00e9m Ibiapaba e Maci\u00e7o de Baturit\u00e9.<\/span><\/p>\n<p style=\"text-align: justify;\"><span style=\"font-weight: 500;\">Para os pr\u00f3ximos dias, as \u00e1reas mais ao norte do estado dever\u00e3o apresentar quantidade menor de chuva, tanto no que diz respeito aos acumulados totais quanto ao percentual total de \u00e1rea com registros.<\/span><\/p>\n<p style=\"text-align: justify;\"><span style=\"font-weight: 500;\">Em Fortaleza e Regi\u00e3o Metropolitana, h\u00e1 chances de chuva entre madrugada e manh\u00e3, por\u00e9m, passageiras e com acumulados pouco expressivos at\u00e9 quinta.<\/span><\/p>\n<p style=\"text-align: justify;\"><b>Balan\u00e7o<\/b><\/p>\n<p style=\"text-align: justify;\"><span style=\"font-weight: 500;\">Entre as 7h de ontem e as 7h hoje, balan\u00e7o parcial indica registros de chuva em, pelo menos, 76 munic\u00edpios. Os maiores acumulados foram em:<\/span><\/p>\n<p style=\"text-align: justify;\"><em><span style=\"font-weight: 500;\">-Potengi (Posto Barreiros de Baixo): 130 mm<\/span><\/em><\/p>\n<p style=\"text-align: justify;\"><em><span style=\"font-weight: 500;\">-Potengi (Posto Potengi): 106 mm<\/span><\/em><\/p>\n<p style=\"text-align: justify;\"><em><span style=\"font-weight: 500;\">-Potengi (Posto Vila Alecrim): 100 mm<\/span><\/em><\/p>\n<p style=\"text-align: justify;\"><em><span style=\"font-weight: 500;\">-Crato (Posto Lameiro): 95.0 mm<\/span><\/em><\/p>\n<p style=\"text-align: justify;\"><em><span style=\"font-weight: 500;\">-S\u00e3o Benedito (Posto S\u00e3o Benedito): 91.2 mm<\/span><\/em><\/p>\n<p style=\"text-align: justify;\"><span style=\"font-weight: 500;\">Os dados s\u00e3o preliminares e ser\u00e3o atualizados ao longo do dia. Para acompanhar, basta acessar funceme.br\/calendario<\/span><\/p>\n","protected":false},"excerpt":{"rendered":"<p>O centro-sul do Cear\u00e1 dever\u00e1 concentrar as principais at\u00e9 a pr\u00f3xima quinta (26), conforme previs\u00e3o do tempo realizada pela Funda\u00e7\u00e3o Cearense de Meteorologia e Recursos H\u00eddricos (Funceme) na manh\u00e3 desta ter\u00e7a-feira (24). O cen\u00e1rio se d\u00e1, principalmente, pela presen\u00e7a de uma frente fria localizada sobre o oceano na altura do estado da Bahia, \u00e0 leste [&hellip;]<\/p>\n","protected":false},"author":4,"featured_media":6718,"comment_status":"closed","ping_status":"open","sticky":false,"template":"","format":"standard","meta":[],"categories":[81,15],"tags":[50,358,47],"acf":[],"_links":{"self":[{"href":"http:\/\/www.funceme.br\/index.php?rest_route=\/wp\/v2\/posts\/6717"}],"collection":[{"href":"http:\/\/www.funceme.br\/index.php?rest_route=\/wp\/v2\/posts"}],"about":[{"href":"http:\/\/www.funceme.br\/index.php?rest_route=\/wp\/v2\/types\/post"}],"author":[{"embeddable":true,"href":"http:\/\/www.funceme.br\/index.php?rest_route=\/wp\/v2\/users\/4"}],"replies":[{"embeddable":true,"href":"http:\/\/www.funceme.br\/index.php?rest_route=%2Fwp%2Fv2%2Fcomments&post=6717"}],"version-history":[{"count":4,"href":"http:\/\/www.funceme.br\/index.php?rest_route=\/wp\/v2\/posts\/6717\/revisions"}],"predecessor-version":[{"id":6728,"href":"http:\/\/www.funceme.br\/index.php?rest_route=\/wp\/v2\/posts\/6717\/revisions\/6728"}],"wp:featuredmedia":[{"embeddable":true,"href":"http:\/\/www.funceme.br\/index.php?rest_route=\/wp\/v2\/media\/6718"}],"wp:attachment":[{"href":"http:\/\/www.funceme.br\/index.php?rest_route=%2Fwp%2Fv2%2Fmedia&parent=6717"}],"wp:term":[{"taxonomy":"category","embeddable":true,"href":"http:\/\/www.funceme.br\/index.php?rest_route=%2Fwp%2Fv2%2Fcategories&post=6717"},{"taxonomy":"post_tag","embeddable":true,"href":"http:\/\/www.funceme.br\/index.php?rest_route=%2Fwp%2Fv2%2Ftags&post=6717"}],"curies":[{"name":"wp","href":"https:\/\/api.w.org\/{rel}","templated":true}]}}