{"id":6723,"date":"2020-03-24T15:40:49","date_gmt":"2020-03-24T18:40:49","guid":{"rendered":"http:\/\/www.funceme.br\/?p=6723"},"modified":"2020-03-24T15:40:49","modified_gmt":"2020-03-24T18:40:49","slug":"potengi-tem-chuvas-de-mais-de-100-mm","status":"publish","type":"post","link":"http:\/\/www.funceme.br\/?p=6723","title":{"rendered":"Potengi tem chuvas de mais de 100 mm"},"content":{"rendered":"<p style=\"text-align: justify;\"><span style=\"font-weight: 400;\">Tr\u00eas postos pluviom\u00e9tricos de Potengi, munic\u00edpio da macrorregi\u00e3o do Sert\u00e3o Central e Inhamuns,\u00a0 registraram os maiores acumulados de chuvas do intervalo entre as 7h desta segunda (23) e as 7h desta ter\u00e7a-feira (24), segundo balan\u00e7o da Funda\u00e7\u00e3o Cearense de Meteorologia e Recursos H\u00eddricos (Funceme).<\/span><\/p>\n<p style=\"text-align: justify;\"><span style=\"font-weight: 400;\">No recente intervalo de 24 horas, foram observados<\/span><span style=\"font-weight: 400;\"><strong> 130, 106 e 100 mil\u00edmetros<\/strong> em Barreiros de Baixo, na Sede e na Vila Alecrim. Os dados entraram para a lista dos 10 maiores j\u00e1 anotados em Potengi. O ranking, segundo a Funceme, \u00e9 o seguinte:<\/span><\/p>\n<p><iframe id=\"datawrapper-chart-JDzAT\" style=\"width: 0; min-width: 100% !important; border: none;\" title=\"Maiores chuvas de Potengi\" src=\"\/\/datawrapper.dwcdn.net\/JDzAT\/1\/\" height=\"559\" frameborder=\"0\" scrolling=\"no\" aria-label=\"Table\"><\/iframe><script type=\"text\/javascript\">!function(){\"use strict\";window.addEventListener(\"message\",function(a){if(void 0!==a.data[\"datawrapper-height\"])for(var e in a.data[\"datawrapper-height\"]){var t=document.getElementById(\"datawrapper-chart-\"+e)||document.querySelector(\"iframe[src*='\"+e+\"']\");t&&(t.style.height=a.data[\"datawrapper-height\"][e]+\"px\")}})}();\n<\/script><\/p>\n<p style=\"text-align: justify;\"><span style=\"font-weight: 400;\">As precipita\u00e7\u00f5es no munic\u00edpio do sul do Estado foram causadas pela atua\u00e7\u00e3o de uma frente fria que encontra-se pr\u00f3ximo ao Nordeste. Al\u00e9m de Potengi, outros 75 munic\u00edpios registraram chuvas entre segunda e ter\u00e7a-feira.<\/span><\/p>\n","protected":false},"excerpt":{"rendered":"<p>Tr\u00eas postos pluviom\u00e9tricos de Potengi, munic\u00edpio da macrorregi\u00e3o do Sert\u00e3o Central e Inhamuns,\u00a0 registraram os maiores acumulados de chuvas do intervalo entre as 7h desta segunda (23) e as 7h desta ter\u00e7a-feira (24), segundo balan\u00e7o da Funda\u00e7\u00e3o Cearense de Meteorologia e Recursos H\u00eddricos (Funceme). No recente intervalo de 24 horas, foram observados 130, 106 e [&hellip;]<\/p>\n","protected":false},"author":4,"featured_media":6724,"comment_status":"closed","ping_status":"open","sticky":false,"template":"","format":"standard","meta":[],"categories":[81,15],"tags":[294,303],"acf":[],"_links":{"self":[{"href":"http:\/\/www.funceme.br\/index.php?rest_route=\/wp\/v2\/posts\/6723"}],"collection":[{"href":"http:\/\/www.funceme.br\/index.php?rest_route=\/wp\/v2\/posts"}],"about":[{"href":"http:\/\/www.funceme.br\/index.php?rest_route=\/wp\/v2\/types\/post"}],"author":[{"embeddable":true,"href":"http:\/\/www.funceme.br\/index.php?rest_route=\/wp\/v2\/users\/4"}],"replies":[{"embeddable":true,"href":"http:\/\/www.funceme.br\/index.php?rest_route=%2Fwp%2Fv2%2Fcomments&post=6723"}],"version-history":[{"count":1,"href":"http:\/\/www.funceme.br\/index.php?rest_route=\/wp\/v2\/posts\/6723\/revisions"}],"predecessor-version":[{"id":6725,"href":"http:\/\/www.funceme.br\/index.php?rest_route=\/wp\/v2\/posts\/6723\/revisions\/6725"}],"wp:featuredmedia":[{"embeddable":true,"href":"http:\/\/www.funceme.br\/index.php?rest_route=\/wp\/v2\/media\/6724"}],"wp:attachment":[{"href":"http:\/\/www.funceme.br\/index.php?rest_route=%2Fwp%2Fv2%2Fmedia&parent=6723"}],"wp:term":[{"taxonomy":"category","embeddable":true,"href":"http:\/\/www.funceme.br\/index.php?rest_route=%2Fwp%2Fv2%2Fcategories&post=6723"},{"taxonomy":"post_tag","embeddable":true,"href":"http:\/\/www.funceme.br\/index.php?rest_route=%2Fwp%2Fv2%2Ftags&post=6723"}],"curies":[{"name":"wp","href":"https:\/\/api.w.org\/{rel}","templated":true}]}}