{"id":6748,"date":"2020-03-27T18:49:15","date_gmt":"2020-03-27T21:49:15","guid":{"rendered":"http:\/\/www.funceme.br\/?p=6748"},"modified":"2020-03-28T13:18:21","modified_gmt":"2020-03-28T16:18:21","slug":"ultimo-fim-de-semana-de-marco-deve-apresentar-chuvas-isoladas-e-concentradas-no-noroeste-cariri-e-jaguaribana","status":"publish","type":"post","link":"http:\/\/www.funceme.br\/?p=6748","title":{"rendered":"\u00daltimo fim de semana de mar\u00e7o deve apresentar chuvas isoladas e concentradas no noroeste e regi\u00e3o Jaguaribana"},"content":{"rendered":"<div id=\"attachment_6749\" style=\"width: 778px\" class=\"wp-caption aligncenter\"><a href=\"http:\/\/www.funceme.br\/wp-content\/uploads\/2020\/03\/WhatsApp-Image-2020-03-27-at-17.34.41-e1585345685362.jpeg\"><img aria-describedby=\"caption-attachment-6749\" decoding=\"async\" loading=\"lazy\" class=\"wp-image-6749\" src=\"http:\/\/www.funceme.br\/wp-content\/uploads\/2020\/03\/WhatsApp-Image-2020-03-27-at-17.34.41-e1585345685362.jpeg\" alt=\"Ibiapaba est\u00e1 entre as regi\u00f5es com maiores chances de chuva (FOTO: Davi Freitas)\" width=\"768\" height=\"517\" srcset=\"http:\/\/www.funceme.br\/wp-content\/uploads\/2020\/03\/WhatsApp-Image-2020-03-27-at-17.34.41-e1585345685362.jpeg 960w, http:\/\/www.funceme.br\/wp-content\/uploads\/2020\/03\/WhatsApp-Image-2020-03-27-at-17.34.41-e1585345685362-600x404.jpeg 600w, http:\/\/www.funceme.br\/wp-content\/uploads\/2020\/03\/WhatsApp-Image-2020-03-27-at-17.34.41-e1585345685362-768x517.jpeg 768w\" sizes=\"(max-width: 768px) 100vw, 768px\" \/><\/a><p id=\"caption-attachment-6749\" class=\"wp-caption-text\">Ibiapaba est\u00e1 entre as regi\u00f5es com maiores chances de chuva (FOTO: Davi Freitas)<\/p><\/div>\n<p style=\"text-align: justify;\"><span style=\"font-weight: 500;\">O \u00faltimo fim de semana do m\u00eas de mar\u00e7o dever\u00e1 ser de chuvas mais escassas em maior parte do territ\u00f3rio cearense. De acordo com an\u00e1lise das condi\u00e7\u00f5es atuais de tempo realizada na manh\u00e3 deste s\u00e1bado (28), a Funda\u00e7\u00e3o Cearense de Meteorologia e Recursos H\u00eddricos (Funceme) aponta que o noroeste e o sul do Estado tender\u00e3o a concentrar os maiores acumulados.<\/span><\/p>\n<p style=\"text-align: justify;\"><span style=\"font-weight: 500;\">Atualmente, a Zona de Converg\u00eancia Intertropical (ZCIT) apresenta-se com fraca atividade convectiva, que \u00e9 a forma\u00e7\u00e3o de nuvens mais favor\u00e1veis a chuvas expressivas. Este padr\u00e3o vem sendo observado nos \u00faltimos dias.<\/span><\/p>\n<p style=\"text-align: justify;\"><span style=\"font-weight: 500;\">De acordo com a gerente de Meteorologia da Funceme, Meiry Sakamoto, permanece, na altura do estado da Bahia, o sistema frontal estacion\u00e1rio que colaborou para precipita\u00e7\u00f5es no Cear\u00e1, mas sua atividade deve reduzir.<\/span><\/p>\n<p style=\"text-align: justify;\"><span style=\"font-weight: 500;\">\u201cEla continua presente, no entanto, perdeu um pouco sua intensidade. Assim, a previs\u00e3o para os pr\u00f3ximos dias \u00e9 de que haja uma redu\u00e7\u00e3o nas chuvas, principalmente, entre sexta e s\u00e1bado. Por\u00e9m, observamos que a Ibiapaba e o Litoral Norte, que t\u00eam recebido chuvas consider\u00e1veis, permanecem com tend\u00eancias favor\u00e1veis \u00e0 continuidade, isso torna necess\u00e1ria a aten\u00e7\u00e3o, j\u00e1 que t\u00eam ocorrido alagamentos e enchentes\u201d, refor\u00e7a.<\/span><\/p>\n<p style=\"text-align: justify;\"><span style=\"font-weight: 500;\">Hoje, o Cear\u00e1 dever\u00e1 apresentar predom\u00ednio de c\u00e9u variando entre parcialmente nublado e claro ao longo do dia com chuvas isoladas na Ibiapaba e no Litoral Norte (noroeste do estado). N\u00e3o est\u00e3o descartados poss\u00edveis registros nas demais por\u00e7\u00f5es do estado, por\u00e9m, a \u00e1rea de abrang\u00eancia deve ser entre 5 e 20% de cada macrorregi\u00e3o.<\/span><\/p>\n<p style=\"text-align: justify;\"><span style=\"font-weight: 500;\">J\u00e1 no domingo (29), as condi\u00e7\u00f5es n\u00e3o dever\u00e3o ser t\u00e3o diferentes, al\u00e9m do noroeste e sul, apenas a regi\u00e3o Jaguaribana dever\u00e1 ter um cen\u00e1rio relativamente melhor que no s\u00e1bado.<\/span><\/p>\n<p style=\"text-align: justify;\"><b>Fortaleza e RMF<\/b><\/p>\n<p style=\"text-align: justify;\"><span style=\"font-weight: 500;\">Para a Capital e RMF, que est\u00e3o na \u00e1rea do Litoral de Fortaleza, s\u00e3o esperadas chuvas isoladas entre madrugada e manh\u00e3, sendo estes poss\u00edveis registros com intensidade de fraca a moderada.<\/span><\/p>\n","protected":false},"excerpt":{"rendered":"<p>O \u00faltimo fim de semana do m\u00eas de mar\u00e7o dever\u00e1 ser de chuvas mais escassas em maior parte do territ\u00f3rio cearense. De acordo com an\u00e1lise das condi\u00e7\u00f5es atuais de tempo realizada na manh\u00e3 deste s\u00e1bado (28), a Funda\u00e7\u00e3o Cearense de Meteorologia e Recursos H\u00eddricos (Funceme) aponta que o noroeste e o sul do Estado tender\u00e3o [&hellip;]<\/p>\n","protected":false},"author":4,"featured_media":6749,"comment_status":"closed","ping_status":"open","sticky":false,"template":"","format":"standard","meta":[],"categories":[81,15],"tags":[50,170,223,207,217],"acf":[],"_links":{"self":[{"href":"http:\/\/www.funceme.br\/index.php?rest_route=\/wp\/v2\/posts\/6748"}],"collection":[{"href":"http:\/\/www.funceme.br\/index.php?rest_route=\/wp\/v2\/posts"}],"about":[{"href":"http:\/\/www.funceme.br\/index.php?rest_route=\/wp\/v2\/types\/post"}],"author":[{"embeddable":true,"href":"http:\/\/www.funceme.br\/index.php?rest_route=\/wp\/v2\/users\/4"}],"replies":[{"embeddable":true,"href":"http:\/\/www.funceme.br\/index.php?rest_route=%2Fwp%2Fv2%2Fcomments&post=6748"}],"version-history":[{"count":3,"href":"http:\/\/www.funceme.br\/index.php?rest_route=\/wp\/v2\/posts\/6748\/revisions"}],"predecessor-version":[{"id":6754,"href":"http:\/\/www.funceme.br\/index.php?rest_route=\/wp\/v2\/posts\/6748\/revisions\/6754"}],"wp:featuredmedia":[{"embeddable":true,"href":"http:\/\/www.funceme.br\/index.php?rest_route=\/wp\/v2\/media\/6749"}],"wp:attachment":[{"href":"http:\/\/www.funceme.br\/index.php?rest_route=%2Fwp%2Fv2%2Fmedia&parent=6748"}],"wp:term":[{"taxonomy":"category","embeddable":true,"href":"http:\/\/www.funceme.br\/index.php?rest_route=%2Fwp%2Fv2%2Fcategories&post=6748"},{"taxonomy":"post_tag","embeddable":true,"href":"http:\/\/www.funceme.br\/index.php?rest_route=%2Fwp%2Fv2%2Ftags&post=6748"}],"curies":[{"name":"wp","href":"https:\/\/api.w.org\/{rel}","templated":true}]}}