{"id":6773,"date":"2020-04-03T12:00:57","date_gmt":"2020-04-03T15:00:57","guid":{"rendered":"http:\/\/www.funceme.br\/?p=6773"},"modified":"2020-04-03T12:09:26","modified_gmt":"2020-04-03T15:09:26","slug":"com-chuvas-em-cerca-de-80-municipios-cariri-concentra-principais-acumulados","status":"publish","type":"post","link":"http:\/\/www.funceme.br\/?p=6773","title":{"rendered":"Com chuvas em cerca de 80 munic\u00edpios, Cariri concentra principais acumulados"},"content":{"rendered":"<div id=\"attachment_6776\" style=\"width: 778px\" class=\"wp-caption aligncenter\"><a href=\"http:\/\/www.funceme.br\/wp-content\/uploads\/2020\/04\/WhatsApp-Image-2020-04-01-at-09.37.42.jpeg\"><img aria-describedby=\"caption-attachment-6776\" decoding=\"async\" loading=\"lazy\" class=\"wp-image-6776\" src=\"http:\/\/www.funceme.br\/wp-content\/uploads\/2020\/04\/WhatsApp-Image-2020-04-01-at-09.37.42.jpeg\" alt=\"Precipita\u00e7\u00f5es atingiram praticamente todos os munic\u00edpios do Cariri (FOTO: Marciel Bezerra)\" width=\"768\" height=\"576\" srcset=\"http:\/\/www.funceme.br\/wp-content\/uploads\/2020\/04\/WhatsApp-Image-2020-04-01-at-09.37.42.jpeg 1280w, http:\/\/www.funceme.br\/wp-content\/uploads\/2020\/04\/WhatsApp-Image-2020-04-01-at-09.37.42-600x450.jpeg 600w, http:\/\/www.funceme.br\/wp-content\/uploads\/2020\/04\/WhatsApp-Image-2020-04-01-at-09.37.42-768x576.jpeg 768w, http:\/\/www.funceme.br\/wp-content\/uploads\/2020\/04\/WhatsApp-Image-2020-04-01-at-09.37.42-1200x900.jpeg 1200w\" sizes=\"(max-width: 768px) 100vw, 768px\" \/><\/a><p id=\"caption-attachment-6776\" class=\"wp-caption-text\"><span style=\"color: #6b6b6b;\"><em>Precipita\u00e7\u00f5es atingiram praticamente todos os munic\u00edpios do Cariri (FOTO: Marciel Bezerra)<\/em><\/span><\/p><\/div>\n<p style=\"text-align: justify;\">A macrorregi\u00e3o do Cariri concentrou as principais chuvas do Cear\u00e1 no intervalo entre as 7h da \u00faltima quinta (3) e 7h desta sexta-feira (4), de acordo com balan\u00e7o parcial da Funda\u00e7\u00e3o Cearense de Meteorologia e Recursos H\u00eddricos (Funceme). Entre os 10 postos pluviom\u00e9tricos com maiores acumulados de chuva, sete est\u00e3o localizados no sul do estado.<\/p>\n<p style=\"text-align: justify;\">O estado registrou chuvas em pelo menos 80 munic\u00edpios nas \u00faltimas 24 horas. Apesar de todas as macrorregi\u00f5es cearenses terem apresentado chuvas, os acumulados n\u00e3o foram expressivos entre quinta-feira e sexta-feira. Os maiores registros se dividiram nas regi\u00f5es da Jaguaribana, Sert\u00e3o Central e Inhamuns e, principalmente, Cariri.<\/p>\n<p style=\"text-align: justify;\">Confira os principais acumulados registrados pela Funceme nas \u00faltimas 24 horas:<\/p>\n<p><em>-Cariria\u00e7u (Posto Cariria\u00e7u &#8211; Sede) : 56.0 mm<\/em><\/p>\n<p><em>-Aiuaba (Posto Aiuaba) : 45.0 mm<\/em><\/p>\n<p><em>-Juazeiro do Norte (Posto Vila S\u00e3o Gon\u00e7alo) : 45.0 mm<\/em><\/p>\n<p><em>-Cedro (Posto Ematerce): 42.0 mm<\/em><\/p>\n<p><em>-Morada Nova (Posto A\u00e7ude Cipoada) : 36.0 mm<\/em><\/p>\n<p><em>-Jardim (Posto S\u00edtio Bonsucesso) : 32.0 mm<\/em><\/p>\n<p><em>-Juazeiro do Norte (Posto Juazeiro do Norte &#8211; Sede) : 31.5 mm<\/em><\/p>\n<p><em>-Jaguaretama (Posto Fazenda Coque) : 31.0 mm<\/em><\/p>\n<p><em>-Cariria\u00e7u (Posto Vila Feitosa) : 29.0 mm<\/em><\/p>\n<p><em>-Potengi (Posto Barreiros de Baixo) : 28.0 mm<\/em><\/p>\n","protected":false},"excerpt":{"rendered":"<p>A macrorregi\u00e3o do Cariri concentrou as principais chuvas do Cear\u00e1 no intervalo entre as 7h da \u00faltima quinta (3) e 7h desta sexta-feira (4), de acordo com balan\u00e7o parcial da Funda\u00e7\u00e3o Cearense de Meteorologia e Recursos H\u00eddricos (Funceme). Entre os 10 postos pluviom\u00e9tricos com maiores acumulados de chuva, sete est\u00e3o localizados no sul do estado. [&hellip;]<\/p>\n","protected":false},"author":6,"featured_media":6776,"comment_status":"closed","ping_status":"open","sticky":false,"template":"","format":"standard","meta":[],"categories":[81,15],"tags":[387,50,47,64],"acf":[],"_links":{"self":[{"href":"http:\/\/www.funceme.br\/index.php?rest_route=\/wp\/v2\/posts\/6773"}],"collection":[{"href":"http:\/\/www.funceme.br\/index.php?rest_route=\/wp\/v2\/posts"}],"about":[{"href":"http:\/\/www.funceme.br\/index.php?rest_route=\/wp\/v2\/types\/post"}],"author":[{"embeddable":true,"href":"http:\/\/www.funceme.br\/index.php?rest_route=\/wp\/v2\/users\/6"}],"replies":[{"embeddable":true,"href":"http:\/\/www.funceme.br\/index.php?rest_route=%2Fwp%2Fv2%2Fcomments&post=6773"}],"version-history":[{"count":4,"href":"http:\/\/www.funceme.br\/index.php?rest_route=\/wp\/v2\/posts\/6773\/revisions"}],"predecessor-version":[{"id":6778,"href":"http:\/\/www.funceme.br\/index.php?rest_route=\/wp\/v2\/posts\/6773\/revisions\/6778"}],"wp:featuredmedia":[{"embeddable":true,"href":"http:\/\/www.funceme.br\/index.php?rest_route=\/wp\/v2\/media\/6776"}],"wp:attachment":[{"href":"http:\/\/www.funceme.br\/index.php?rest_route=%2Fwp%2Fv2%2Fmedia&parent=6773"}],"wp:term":[{"taxonomy":"category","embeddable":true,"href":"http:\/\/www.funceme.br\/index.php?rest_route=%2Fwp%2Fv2%2Fcategories&post=6773"},{"taxonomy":"post_tag","embeddable":true,"href":"http:\/\/www.funceme.br\/index.php?rest_route=%2Fwp%2Fv2%2Ftags&post=6773"}],"curies":[{"name":"wp","href":"https:\/\/api.w.org\/{rel}","templated":true}]}}