{"id":6885,"date":"2020-04-20T10:25:55","date_gmt":"2020-04-20T13:25:55","guid":{"rendered":"http:\/\/www.funceme.br\/?p=6885"},"modified":"2020-04-20T10:25:57","modified_gmt":"2020-04-20T13:25:57","slug":"com-120-mm-no-cedro-cariri-tem-maiores-precipitacoes-no-inicio-de-semana-veja-dados","status":"publish","type":"post","link":"http:\/\/www.funceme.br\/?p=6885","title":{"rendered":"Com 120 mm no Cedro, Cariri tem maiores precipita\u00e7\u00f5es no in\u00edcio de semana; veja dados"},"content":{"rendered":"\n<figure class=\"wp-block-image size-large\"><img decoding=\"async\" loading=\"lazy\" width=\"1200\" height=\"900\" src=\"http:\/\/www.funceme.br\/wp-content\/uploads\/2020\/04\/7a9a9ea1-5ead-4f70-9dab-44a51f799c08-1200x900.jpg\" alt=\"Sul do estado teve registros de mais de 100 mm (FOTO: Marciel Bezerra)\" class=\"wp-image-6890\" title=\"Sul do estado teve registros de mais de 100 mm (FOTO: Marciel Bezerra)\" srcset=\"http:\/\/www.funceme.br\/wp-content\/uploads\/2020\/04\/7a9a9ea1-5ead-4f70-9dab-44a51f799c08-1200x900.jpg 1200w, http:\/\/www.funceme.br\/wp-content\/uploads\/2020\/04\/7a9a9ea1-5ead-4f70-9dab-44a51f799c08-600x450.jpg 600w, http:\/\/www.funceme.br\/wp-content\/uploads\/2020\/04\/7a9a9ea1-5ead-4f70-9dab-44a51f799c08-768x576.jpg 768w, http:\/\/www.funceme.br\/wp-content\/uploads\/2020\/04\/7a9a9ea1-5ead-4f70-9dab-44a51f799c08.jpg 1280w\" sizes=\"(max-width: 1200px) 100vw, 1200px\" \/><figcaption><em>Sul do estado teve registros de mais de 100 mm (FOTO: Marciel Bezerra)<\/em><\/figcaption><\/figure>\n\n\n\n<p>Os munic\u00edpios localizados na macrorregi\u00e3o do Cariri concentraram os  principais acumulados de chuva no Cear\u00e1 entre as 7h do \u00faltimo domingo (19) e 7h desta segunda-feira (20), de acordo com balan\u00e7o parcial da Funda\u00e7\u00e3o Cearense de Meteorologia e Recursos H\u00eddricos (Funceme).<\/p>\n\n\n\n<p>A maior precipita\u00e7\u00e3o das \u00faltimas 24 horas foi registrada no munic\u00edpio de <strong>Cedro<\/strong>, sendo 120 mil\u00edmetros no posto pluviom\u00e9trico Ematerce. Al\u00e9m da por\u00e7\u00e3o sul do estado, as demais macrorregi\u00f5es registraram precipita\u00e7\u00f5es no intervalo observado. At\u00e9 o momento, balan\u00e7o preliminar indica chuvas em cerca de 70 munic\u00edpios.<\/p>\n\n\n\n<p>Este cen\u00e1rio reflete a previs\u00e3o do tempo indicada pelos meteorologistas da Funceme na \u00faltima sexta-feira (17), quando foi apontado que o centro-sul do Cear\u00e1 deveria registrar as precipita\u00e7\u00f5es mais significativas.<\/p>\n\n\n\n<p>Confira os principais acumulados nas \u00faltimas 24 horas:<\/p>\n\n\n\n<p><em>Cedro (Posto: Ematerce) : 120 mm<br>Lavras da Mangabeira (Posto: Arrojado) : 118 mm<br>Cari\u00fas (Posto: Cari\u00fas) : 106 mm<br>Lavras da Mangabeira (Posto: Iborepi) : 80 mm<br>Cari\u00fas (Posto: S\u00e3o Sebasti\u00e3o) : 79 mm<br>Aiuaba (Posto: Aiuaba) : 75.0 mm<br>Juc\u00e1s (Posto: Juc\u00e1s) : 73.0 mm<br>Tarrafas (Posto: Tarrafas) : 70.0 mm<br>Cari\u00fas (Posto: Angico) : 64.0 mm<br>Uruoca (Posto: Paracu\u00e1) : 64.0 mm<\/em><\/p>\n","protected":false},"excerpt":{"rendered":"<p>Os munic\u00edpios localizados na macrorregi\u00e3o do Cariri concentraram os principais acumulados de chuva no Cear\u00e1 entre as 7h do \u00faltimo domingo (19) e 7h desta segunda-feira (20), de acordo com balan\u00e7o parcial da Funda\u00e7\u00e3o Cearense de Meteorologia e Recursos H\u00eddricos (Funceme). A maior precipita\u00e7\u00e3o das \u00faltimas 24 horas foi registrada no munic\u00edpio de Cedro, sendo [&hellip;]<\/p>\n","protected":false},"author":6,"featured_media":0,"comment_status":"closed","ping_status":"open","sticky":false,"template":"","format":"standard","meta":[],"categories":[81,15],"tags":[50,210,47],"acf":[],"_links":{"self":[{"href":"http:\/\/www.funceme.br\/index.php?rest_route=\/wp\/v2\/posts\/6885"}],"collection":[{"href":"http:\/\/www.funceme.br\/index.php?rest_route=\/wp\/v2\/posts"}],"about":[{"href":"http:\/\/www.funceme.br\/index.php?rest_route=\/wp\/v2\/types\/post"}],"author":[{"embeddable":true,"href":"http:\/\/www.funceme.br\/index.php?rest_route=\/wp\/v2\/users\/6"}],"replies":[{"embeddable":true,"href":"http:\/\/www.funceme.br\/index.php?rest_route=%2Fwp%2Fv2%2Fcomments&post=6885"}],"version-history":[{"count":4,"href":"http:\/\/www.funceme.br\/index.php?rest_route=\/wp\/v2\/posts\/6885\/revisions"}],"predecessor-version":[{"id":6891,"href":"http:\/\/www.funceme.br\/index.php?rest_route=\/wp\/v2\/posts\/6885\/revisions\/6891"}],"wp:attachment":[{"href":"http:\/\/www.funceme.br\/index.php?rest_route=%2Fwp%2Fv2%2Fmedia&parent=6885"}],"wp:term":[{"taxonomy":"category","embeddable":true,"href":"http:\/\/www.funceme.br\/index.php?rest_route=%2Fwp%2Fv2%2Fcategories&post=6885"},{"taxonomy":"post_tag","embeddable":true,"href":"http:\/\/www.funceme.br\/index.php?rest_route=%2Fwp%2Fv2%2Ftags&post=6885"}],"curies":[{"name":"wp","href":"https:\/\/api.w.org\/{rel}","templated":true}]}}