{"id":7039,"date":"2020-05-11T11:50:30","date_gmt":"2020-05-11T14:50:30","guid":{"rendered":"http:\/\/www.funceme.br\/?p=7039"},"modified":"2020-05-11T12:27:30","modified_gmt":"2020-05-11T15:27:30","slug":"ceara-permanece-com-tendencia-de-chuvas-mais-reduzidas-nesta-semana","status":"publish","type":"post","link":"http:\/\/www.funceme.br\/?p=7039","title":{"rendered":"Cear\u00e1 permanece com tend\u00eancia de chuvas mais reduzidas nesta semana"},"content":{"rendered":"\n<figure class=\"wp-block-image size-large\"><img decoding=\"async\" loading=\"lazy\" width=\"1200\" height=\"674\" src=\"http:\/\/www.funceme.br\/wp-content\/uploads\/2020\/05\/sky-sunny-clouds-cloudy-3768-1200x674.jpg\" alt=\"C\u00e9u deve continuar mais claro em maior parte do Cear\u00e1 (FOTO: Pexels\/Reprodu\u00e7\u00e3o)\" class=\"wp-image-7040\" srcset=\"http:\/\/www.funceme.br\/wp-content\/uploads\/2020\/05\/sky-sunny-clouds-cloudy-3768-1200x674.jpg 1200w, http:\/\/www.funceme.br\/wp-content\/uploads\/2020\/05\/sky-sunny-clouds-cloudy-3768-600x337.jpg 600w, http:\/\/www.funceme.br\/wp-content\/uploads\/2020\/05\/sky-sunny-clouds-cloudy-3768-768x432.jpg 768w, http:\/\/www.funceme.br\/wp-content\/uploads\/2020\/05\/sky-sunny-clouds-cloudy-3768-1536x863.jpg 1536w, http:\/\/www.funceme.br\/wp-content\/uploads\/2020\/05\/sky-sunny-clouds-cloudy-3768-2048x1151.jpg 2048w\" sizes=\"(max-width: 1200px) 100vw, 1200px\" \/><figcaption>C\u00e9u deve continuar mais claro em maior parte do Cear\u00e1 (FOTO: Pexels\/Reprodu\u00e7\u00e3o)<\/figcaption><\/figure>\n\n\n\n<p>O Cear\u00e1 segue com previs\u00e3o de tempo apontando chuvas menos expressivas para o come\u00e7o desta semana, de acordo com an\u00e1lise feita por meteorologistas da Funda\u00e7\u00e3o Cearense de Meteorologia e Recursos H\u00eddricos (Funceme). Este cen\u00e1rio de precipita\u00e7\u00f5es reduzidas vem sendo observado desde os \u00faltimos dias do m\u00eas de abril.<\/p>\n\n\n\n<p>A tend\u00eancia de acumulados menos expressivos nos munic\u00edpios cearenses se deve ao atual posicionamento da Zona de Converg\u00eancia Intertropical (ZCIT), que encontra-se localizada ao norte da Linha do Equador, demonstrando pouca influ\u00eancia nas precipita\u00e7\u00f5es para o estado. Contudo, a faixa litor\u00e2nea pode apresentar registros devido \u00e0 atua\u00e7\u00e3o de \u00e1reas de instabilidade relacionadas \u00e0 brisa mar\u00edtima.<\/p>\n\n\n\n<p>Para esta segunda (11), a Funceme aponta uma predom\u00ednio de nebulosidade vari\u00e1vel em todo o estado, com possibilidade de chuvas no litoral cearense. E este cen\u00e1rio deve se repetir at\u00e9 a pr\u00f3xima ter\u00e7a-feira (12).&nbsp;<\/p>\n\n\n\n<p>J\u00e1 na quarta (13), a possibilidade de chuvas deve se estender para as macrorregi\u00f5es do Maci\u00e7o de Baturit\u00e9 e Ibiapaba \u2014 seguindo com o cen\u00e1rio de nebulosidade vari\u00e1vel em todo o estado. A expectativa para amanh\u00e3 e quarta \u00e9 de que as precipita\u00e7\u00f5es ocorram , principalmente, nos per\u00edodos da madrugada e in\u00edcio da manh\u00e3.<\/p>\n\n\n\n<p><strong>Balan\u00e7o de chuvas<\/strong><\/p>\n\n\n\n<p>Indo de acordo com a previs\u00e3o do tempo apontada nos \u00faltimos dias, o Cear\u00e1 registrou precipita\u00e7\u00f5es menos expressivas entre as 7h do \u00faltimo domingo (11) e 7h desta segunda-feira (11). No estado todo, foram registradas chuvas em 29 munic\u00edpios. Confira os principais acumulados das \u00faltimas 24 horas:<\/p>\n\n\n\n<p>-Maracana\u00fa (Posto Parque S\u00e3o Jo\u00e3o): 57,6 mm<\/p>\n\n\n\n<p>-Itapipoca (Posto Praia da Baleia): 53,4 mm<\/p>\n\n\n\n<p>-Maracana\u00fa (Posto Museu Rodolfo Te\u00f3filo) : 39 mm<\/p>\n\n\n\n<p>-Maracana\u00fa (Posto Novo Maracana\u00fa): 37,2 mm<\/p>\n\n\n\n<p>-Ipueiras (Posto Am\u00e9rica): 32,8 mm<\/p>\n","protected":false},"excerpt":{"rendered":"<p>O Cear\u00e1 segue com previs\u00e3o de tempo apontando chuvas menos expressivas para o come\u00e7o desta semana, de acordo com an\u00e1lise feita por meteorologistas da Funda\u00e7\u00e3o Cearense de Meteorologia e Recursos H\u00eddricos (Funceme). Este cen\u00e1rio de precipita\u00e7\u00f5es reduzidas vem sendo observado desde os \u00faltimos dias do m\u00eas de abril. A tend\u00eancia de acumulados menos expressivos nos [&hellip;]<\/p>\n","protected":false},"author":4,"featured_media":7040,"comment_status":"closed","ping_status":"open","sticky":false,"template":"","format":"standard","meta":[],"categories":[81,15],"tags":[101,56],"acf":[],"_links":{"self":[{"href":"http:\/\/www.funceme.br\/index.php?rest_route=\/wp\/v2\/posts\/7039"}],"collection":[{"href":"http:\/\/www.funceme.br\/index.php?rest_route=\/wp\/v2\/posts"}],"about":[{"href":"http:\/\/www.funceme.br\/index.php?rest_route=\/wp\/v2\/types\/post"}],"author":[{"embeddable":true,"href":"http:\/\/www.funceme.br\/index.php?rest_route=\/wp\/v2\/users\/4"}],"replies":[{"embeddable":true,"href":"http:\/\/www.funceme.br\/index.php?rest_route=%2Fwp%2Fv2%2Fcomments&post=7039"}],"version-history":[{"count":1,"href":"http:\/\/www.funceme.br\/index.php?rest_route=\/wp\/v2\/posts\/7039\/revisions"}],"predecessor-version":[{"id":7041,"href":"http:\/\/www.funceme.br\/index.php?rest_route=\/wp\/v2\/posts\/7039\/revisions\/7041"}],"wp:featuredmedia":[{"embeddable":true,"href":"http:\/\/www.funceme.br\/index.php?rest_route=\/wp\/v2\/media\/7040"}],"wp:attachment":[{"href":"http:\/\/www.funceme.br\/index.php?rest_route=%2Fwp%2Fv2%2Fmedia&parent=7039"}],"wp:term":[{"taxonomy":"category","embeddable":true,"href":"http:\/\/www.funceme.br\/index.php?rest_route=%2Fwp%2Fv2%2Fcategories&post=7039"},{"taxonomy":"post_tag","embeddable":true,"href":"http:\/\/www.funceme.br\/index.php?rest_route=%2Fwp%2Fv2%2Ftags&post=7039"}],"curies":[{"name":"wp","href":"https:\/\/api.w.org\/{rel}","templated":true}]}}