{"id":7072,"date":"2020-05-19T10:07:17","date_gmt":"2020-05-19T13:07:17","guid":{"rendered":"http:\/\/www.funceme.br\/?p=7072"},"modified":"2020-05-21T14:43:37","modified_gmt":"2020-05-21T17:43:37","slug":"quixeramobim-concentra-as-principais-chuvas-do-ceara-nas-ultimas-24-horas","status":"publish","type":"post","link":"http:\/\/www.funceme.br\/?p=7072","title":{"rendered":"Quixeramobim concentra as principais chuvas do Cear\u00e1 nas \u00faltimas 24 horas"},"content":{"rendered":"\n<figure class=\"wp-block-image size-large\"><img decoding=\"async\" loading=\"lazy\" width=\"1200\" height=\"900\" src=\"http:\/\/www.funceme.br\/wp-content\/uploads\/2020\/05\/WhatsApp-Image-2020-05-19-at-9.21.29-AM-1200x900.jpeg\" alt=\"Chuva em Quixeramobim\" class=\"wp-image-7073\" srcset=\"http:\/\/www.funceme.br\/wp-content\/uploads\/2020\/05\/WhatsApp-Image-2020-05-19-at-9.21.29-AM-1200x900.jpeg 1200w, http:\/\/www.funceme.br\/wp-content\/uploads\/2020\/05\/WhatsApp-Image-2020-05-19-at-9.21.29-AM-600x450.jpeg 600w, http:\/\/www.funceme.br\/wp-content\/uploads\/2020\/05\/WhatsApp-Image-2020-05-19-at-9.21.29-AM-768x576.jpeg 768w, http:\/\/www.funceme.br\/wp-content\/uploads\/2020\/05\/WhatsApp-Image-2020-05-19-at-9.21.29-AM.jpeg 1280w\" sizes=\"(max-width: 1200px) 100vw, 1200px\" \/><figcaption>Entre os dez principais acumulados, quatro foram registrados no munic\u00edpio. (FOTO: Felipe Lima)<\/figcaption><\/figure>\n\n\n\n<p>O munic\u00edpio de Quixeramobim, localizado na macrorregi\u00e3o do Sert\u00e3o Central e Inhamuns, concentrou as principais precipita\u00e7\u00f5es entre as 7h da \u00faltima segunda-feira (18) e 7h desta ter\u00e7a-feira (19), de acordo com dados parciais da Funda\u00e7\u00e3o Cearense de Meteorologia e Recursos H\u00eddricos (Funceme). Entre os dez principais resultados por posto pluviom\u00e9trico, quatro registros s\u00e3o no munic\u00edpio. <\/p>\n\n\n\n<p>O maior acumulado foi registrado no posto pluviom\u00e9trico Paus Brancos, onde foram anotados 90 mil\u00edmetros. O Sert\u00e3o Central \u00e9 a regi\u00e3o cearense que concentrou os maiores acumulados de chuva das \u00faltimas 24 horas \u2014 todas as macrorregi\u00f5es registraram chuvas, apesar de n\u00fameros n\u00e3o t\u00e3o expressivos em algumas delas. Em todo o estado, foram registradas precipita\u00e7\u00f5es em pelo menos 42 munic\u00edpios.<\/p>\n\n\n\n<p>Confira os principais acumulados no intervalo observado conforme Calend\u00e1rio de Chuvas da Funceme:<\/p>\n\n\n\n<p><em>&#8211; Quixeramobim (Posto Paus Brancos): 90 mm;<br>&#8211; Quixeramobim (Posto S\u00e3o Miguel) : 62 mm;<br>&#8211; Acopiara (Posto Ebron): 60 mm<br>&#8211; Quixeramobim (Posto Bel\u00e9m): 53 mm;<br>&#8211; Quixeramobim (Posto Quixeramobim): 53 mm;<br>&#8211; Boa Viagem (Posto A\u00e7ude S\u00e3o Jose I): 43 mm;<br>&#8211; Jaguaribara (Posto Jaguaribara): 42,2 mm;<br>&#8211; Boa Viagem (Posto Boa Viagem): 41 mm;<br>&#8211; Iguatu (Posto Iguatu): 38 mm;<br>&#8211; Acopiara (Posto Acopiara): 36 mm.<\/em><\/p>\n\n\n\n<p><strong>Previs\u00e3o do tempo<\/strong><\/p>\n\n\n\n<p>Para esta ter\u00e7a-feira, a Funceme indica um cen\u00e1rio favor\u00e1vel ao predom\u00ednio de nebulosidade vari\u00e1vel em todas as regi\u00f5es com possibilidade de chuva nos litorais do Pec\u00e9m e de Fortaleza e no Maci\u00e7o de Baturit\u00e9. J\u00e1 para as demais regi\u00f5es, a tend\u00eancia \u00e9 de chuva isolada.<\/p>\n","protected":false},"excerpt":{"rendered":"<p>O munic\u00edpio de Quixeramobim, localizado na macrorregi\u00e3o do Sert\u00e3o Central e Inhamuns, concentrou as principais precipita\u00e7\u00f5es entre as 7h da \u00faltima segunda-feira (18) e 7h desta ter\u00e7a-feira (19), de acordo com dados parciais da Funda\u00e7\u00e3o Cearense de Meteorologia e Recursos H\u00eddricos (Funceme). Entre os dez principais resultados por posto pluviom\u00e9trico, quatro registros s\u00e3o no munic\u00edpio. [&hellip;]<\/p>\n","protected":false},"author":6,"featured_media":7073,"comment_status":"closed","ping_status":"open","sticky":false,"template":"","format":"standard","meta":[],"categories":[81,15],"tags":[57,64,107],"acf":[],"_links":{"self":[{"href":"http:\/\/www.funceme.br\/index.php?rest_route=\/wp\/v2\/posts\/7072"}],"collection":[{"href":"http:\/\/www.funceme.br\/index.php?rest_route=\/wp\/v2\/posts"}],"about":[{"href":"http:\/\/www.funceme.br\/index.php?rest_route=\/wp\/v2\/types\/post"}],"author":[{"embeddable":true,"href":"http:\/\/www.funceme.br\/index.php?rest_route=\/wp\/v2\/users\/6"}],"replies":[{"embeddable":true,"href":"http:\/\/www.funceme.br\/index.php?rest_route=%2Fwp%2Fv2%2Fcomments&post=7072"}],"version-history":[{"count":1,"href":"http:\/\/www.funceme.br\/index.php?rest_route=\/wp\/v2\/posts\/7072\/revisions"}],"predecessor-version":[{"id":7074,"href":"http:\/\/www.funceme.br\/index.php?rest_route=\/wp\/v2\/posts\/7072\/revisions\/7074"}],"wp:featuredmedia":[{"embeddable":true,"href":"http:\/\/www.funceme.br\/index.php?rest_route=\/wp\/v2\/media\/7073"}],"wp:attachment":[{"href":"http:\/\/www.funceme.br\/index.php?rest_route=%2Fwp%2Fv2%2Fmedia&parent=7072"}],"wp:term":[{"taxonomy":"category","embeddable":true,"href":"http:\/\/www.funceme.br\/index.php?rest_route=%2Fwp%2Fv2%2Fcategories&post=7072"},{"taxonomy":"post_tag","embeddable":true,"href":"http:\/\/www.funceme.br\/index.php?rest_route=%2Fwp%2Fv2%2Ftags&post=7072"}],"curies":[{"name":"wp","href":"https:\/\/api.w.org\/{rel}","templated":true}]}}