{"id":7105,"date":"2020-05-24T09:00:00","date_gmt":"2020-05-24T12:00:00","guid":{"rendered":"http:\/\/www.funceme.br\/?p=7105"},"modified":"2020-05-24T16:15:53","modified_gmt":"2020-05-24T19:15:53","slug":"domingo-deve-ser-de-chuvas-no-centro-sul-aponta-previsao-do-tempo","status":"publish","type":"post","link":"http:\/\/www.funceme.br\/?p=7105","title":{"rendered":"Domingo deve ser de chuvas no centro-sul, aponta previs\u00e3o do tempo"},"content":{"rendered":"\n<p><em>Para segunda-feira, a Funceme indica precipita\u00e7\u00f5es isoladas na Ibiapaba, no Cariri e no Sert\u00e3o Central e Inhamuns<\/em><\/p>\n\n\n\n<figure class=\"wp-block-image size-large\"><img decoding=\"async\" loading=\"lazy\" width=\"1200\" height=\"900\" src=\"http:\/\/www.funceme.br\/wp-content\/uploads\/2020\/05\/WhatsApp-Image-2020-05-18-at-09.07.49-1200x900.jpeg\" alt=\"\u00c1reas mais ao sul t~em mais condi\u00e7\u00f5es de precipita\u00e7\u00f5es (FOTO: Marciel Bezerra)\" class=\"wp-image-7106\" srcset=\"http:\/\/www.funceme.br\/wp-content\/uploads\/2020\/05\/WhatsApp-Image-2020-05-18-at-09.07.49-1200x900.jpeg 1200w, http:\/\/www.funceme.br\/wp-content\/uploads\/2020\/05\/WhatsApp-Image-2020-05-18-at-09.07.49-600x450.jpeg 600w, http:\/\/www.funceme.br\/wp-content\/uploads\/2020\/05\/WhatsApp-Image-2020-05-18-at-09.07.49-768x576.jpeg 768w, http:\/\/www.funceme.br\/wp-content\/uploads\/2020\/05\/WhatsApp-Image-2020-05-18-at-09.07.49.jpeg 1280w\" sizes=\"(max-width: 1200px) 100vw, 1200px\" \/><figcaption>\u00c1reas mais ao sul t~em mais condi\u00e7\u00f5es de precipita\u00e7\u00f5es (FOTO: Marciel Bezerra)<\/figcaption><\/figure>\n\n\n\n<p>O domingo deve ser de c\u00e9u com cobertura variada de nuvens em todas as macrorregi\u00f5es do Cear\u00e1 com tend\u00eancia de chuvas isoladas no centro-sul do Estado, conforme an\u00e1lise das condi\u00e7\u00f5es de tempo realizada pela Funda\u00e7\u00e3o Cearense de Meteorologia e Recursos H\u00eddricos (Funceme) na manh\u00e3 de hoje.<\/p>\n\n\n\n<p>As precipita\u00e7\u00f5es esperadas para o dia dever\u00e3o ocorrer entre a tarde e a noite no Cariri, sul da regi\u00e3o Jaguaribana e boa parte do Sert\u00e3o Central e Inhamuns. Conforme os meteorologistas, as precipita\u00e7\u00f5es dever\u00e3o se estender pela madrugada e manh\u00e3 desta segunda-feira (25).<\/p>\n\n\n\n<p>Ainda no domingo, a Funceme indica que outras regi\u00f5es dever\u00e3o registrar chuvas, por\u00e9m, de forma mais reduzida. Em Fortaleza e Regi\u00e3o Metropolitana, por exemplo, esperam-se precipita\u00e7\u00f5es passageiras no fim do dia.<\/p>\n\n\n\n<p>Amanh\u00e3, a previs\u00e3o \u00e9 de chuva isolada na Ibiapaba, no Cariri e no Sert\u00e3o Central e Inhamuns, principalmente no turno da tarde. Na faixa litor\u00e2nea, Maci\u00e7o de Baturit\u00e9 e&nbsp; norte da regi\u00e3o Jaguaribana h\u00e1 possibilidade de registros com intensidade variando entre fraca e moderada pela noite.<\/p>\n\n\n\n<p><strong>Balan\u00e7o<\/strong><\/p>\n\n\n\n<p>No intervalo entre as 7h deste s\u00e1bado (23) e as 7h deste domingo, a Funceme registrou precipita\u00e7\u00f5es em, pelo menos, 94 munic\u00edpios. Os maiores acumulados foram em:<\/p>\n\n\n\n<p>Erer\u00ea (Posto: S\u00e3o Jo\u00e3o) : 58.0 mm<\/p>\n\n\n\n<p>Canind\u00e9 (Posto: S\u00e3o Bernardo) : 42.0 mm<\/p>\n\n\n\n<p>Brejo Santo (Posto: Po\u00e7o do Pau) : 36.0 mm<\/p>\n\n\n\n<p>Granjeiro (Posto: Cana Brava dos Ferreiras) : 35.2 mm<\/p>\n\n\n\n<p>Teju\u00e7uoca (Posto: Teju\u00e7uoca) : 30.0 mm<\/p>\n","protected":false},"excerpt":{"rendered":"<p>Para segunda-feira, a Funceme indica precipita\u00e7\u00f5es isoladas na Ibiapaba, no Cariri e no Sert\u00e3o Central e Inhamuns O domingo deve ser de c\u00e9u com cobertura variada de nuvens em todas as macrorregi\u00f5es do Cear\u00e1 com tend\u00eancia de chuvas isoladas no centro-sul do Estado, conforme an\u00e1lise das condi\u00e7\u00f5es de tempo realizada pela Funda\u00e7\u00e3o Cearense de Meteorologia [&hellip;]<\/p>\n","protected":false},"author":4,"featured_media":7106,"comment_status":"closed","ping_status":"open","sticky":false,"template":"","format":"standard","meta":[],"categories":[81,15],"tags":[50,358,82],"acf":[],"_links":{"self":[{"href":"http:\/\/www.funceme.br\/index.php?rest_route=\/wp\/v2\/posts\/7105"}],"collection":[{"href":"http:\/\/www.funceme.br\/index.php?rest_route=\/wp\/v2\/posts"}],"about":[{"href":"http:\/\/www.funceme.br\/index.php?rest_route=\/wp\/v2\/types\/post"}],"author":[{"embeddable":true,"href":"http:\/\/www.funceme.br\/index.php?rest_route=\/wp\/v2\/users\/4"}],"replies":[{"embeddable":true,"href":"http:\/\/www.funceme.br\/index.php?rest_route=%2Fwp%2Fv2%2Fcomments&post=7105"}],"version-history":[{"count":1,"href":"http:\/\/www.funceme.br\/index.php?rest_route=\/wp\/v2\/posts\/7105\/revisions"}],"predecessor-version":[{"id":7107,"href":"http:\/\/www.funceme.br\/index.php?rest_route=\/wp\/v2\/posts\/7105\/revisions\/7107"}],"wp:featuredmedia":[{"embeddable":true,"href":"http:\/\/www.funceme.br\/index.php?rest_route=\/wp\/v2\/media\/7106"}],"wp:attachment":[{"href":"http:\/\/www.funceme.br\/index.php?rest_route=%2Fwp%2Fv2%2Fmedia&parent=7105"}],"wp:term":[{"taxonomy":"category","embeddable":true,"href":"http:\/\/www.funceme.br\/index.php?rest_route=%2Fwp%2Fv2%2Fcategories&post=7105"},{"taxonomy":"post_tag","embeddable":true,"href":"http:\/\/www.funceme.br\/index.php?rest_route=%2Fwp%2Fv2%2Ftags&post=7105"}],"curies":[{"name":"wp","href":"https:\/\/api.w.org\/{rel}","templated":true}]}}