{"id":7109,"date":"2020-05-25T09:53:00","date_gmt":"2020-05-25T12:53:00","guid":{"rendered":"http:\/\/www.funceme.br\/?p=7109"},"modified":"2020-05-25T12:56:44","modified_gmt":"2020-05-25T15:56:44","slug":"sem-tendencia-de-acumulados-expressivos-ceara-segue-com-chances-de-chuva-ate-quarta-feira","status":"publish","type":"post","link":"http:\/\/www.funceme.br\/?p=7109","title":{"rendered":"Sem tend\u00eancia de acumulados expressivos, Cear\u00e1 segue com chances de chuva at\u00e9 quarta-feira"},"content":{"rendered":"\n<figure class=\"wp-block-image size-large\"><img decoding=\"async\" loading=\"lazy\" width=\"1200\" height=\"900\" src=\"http:\/\/www.funceme.br\/wp-content\/uploads\/2020\/05\/WhatsApp-Image-2020-05-25-at-08.58.48-1200x900.jpeg\" alt=\"Centro-sul pode registrar precipita\u00e7\u00f5es na noite desta segunda (FOTO: Marciel Bezerra)\" class=\"wp-image-7110\" srcset=\"http:\/\/www.funceme.br\/wp-content\/uploads\/2020\/05\/WhatsApp-Image-2020-05-25-at-08.58.48-1200x900.jpeg 1200w, http:\/\/www.funceme.br\/wp-content\/uploads\/2020\/05\/WhatsApp-Image-2020-05-25-at-08.58.48-600x450.jpeg 600w, http:\/\/www.funceme.br\/wp-content\/uploads\/2020\/05\/WhatsApp-Image-2020-05-25-at-08.58.48-768x576.jpeg 768w, http:\/\/www.funceme.br\/wp-content\/uploads\/2020\/05\/WhatsApp-Image-2020-05-25-at-08.58.48.jpeg 1280w\" sizes=\"(max-width: 1200px) 100vw, 1200px\" \/><figcaption>Centro-sul pode registrar precipita\u00e7\u00f5es na noite desta segunda (FOTO: Marciel Bezerra)<\/figcaption><\/figure>\n\n\n\n<p>As condi\u00e7\u00f5es meteorol\u00f3gicas dever\u00e3o seguir favor\u00e1veis para chuvas no Cear\u00e1, pelo menos at\u00e9 a pr\u00f3xima quarta-feira (27), por\u00e9m, de acordo com a Funda\u00e7\u00e3o Cearense de Meteorologia e Recursos H\u00eddricos (Funceme) , n\u00e3o s\u00e3o esperados acumulados expressivos.<\/p>\n\n\n\n<p>De acordo com as an\u00e1lises feitas na manh\u00e3 desta segunda-feira (25), \u00e1reas de instabilidades sobre o oceano Atl\u00e2ntico e tamb\u00e9m \u00e0 leste do Nordeste se deslocam em dire\u00e7\u00e3o ao Cear\u00e1 e dever\u00e3o contribuir para registros, principalmente, no centro-sul (Cariri, sul da Jaguaribana e grande parte do Sert\u00e3o Central e Inhamuns) nesta noite e ainda na madrugada de ter\u00e7a.<\/p>\n\n\n\n<p>S\u00e3o esperadas ainda precipita\u00e7\u00f5es no noroeste do estado, litorais do Pec\u00e9m e Fortaleza, Maci\u00e7o de Baturit\u00e9 entre a tarde e a noite desta segunda. Os registros dever\u00e3o ser passageiros e com intensidade variando entre fraca e moderada.<\/p>\n\n\n\n<p>Na ter\u00e7a, o estado deve apresentar predom\u00ednio de nebulosidade vari\u00e1vel em todas as regi\u00f5es com chuvas isoladas e concentradas na regi\u00e3o Jaguaribana, no Cariri e no Sert\u00e3o Central e Inhamuns.<\/p>\n\n\n\n<p>Por fim, na quarta, a Funceme aponta, neste momento, possibilidade de chuva na faixa litor\u00e2nea. Por\u00e9m, at\u00e9 l\u00e1, os meteorologistas seguir\u00e3o acompanhando as condi\u00e7\u00f5es de tempo e, em caso de altera\u00e7\u00f5es, estas ser\u00e3o informadas no site do \u00f3rg\u00e3o ou ainda por meio do aplicativo Funceme Tempo, dispon\u00edvel para Android e iOs.<\/p>\n","protected":false},"excerpt":{"rendered":"<p>As condi\u00e7\u00f5es meteorol\u00f3gicas dever\u00e3o seguir favor\u00e1veis para chuvas no Cear\u00e1, pelo menos at\u00e9 a pr\u00f3xima quarta-feira (27), por\u00e9m, de acordo com a Funda\u00e7\u00e3o Cearense de Meteorologia e Recursos H\u00eddricos (Funceme) , n\u00e3o s\u00e3o esperados acumulados expressivos. De acordo com as an\u00e1lises feitas na manh\u00e3 desta segunda-feira (25), \u00e1reas de instabilidades sobre o oceano Atl\u00e2ntico e [&hellip;]<\/p>\n","protected":false},"author":4,"featured_media":7110,"comment_status":"closed","ping_status":"open","sticky":false,"template":"","format":"standard","meta":[],"categories":[81,15],"tags":[358,47,101],"acf":[],"_links":{"self":[{"href":"http:\/\/www.funceme.br\/index.php?rest_route=\/wp\/v2\/posts\/7109"}],"collection":[{"href":"http:\/\/www.funceme.br\/index.php?rest_route=\/wp\/v2\/posts"}],"about":[{"href":"http:\/\/www.funceme.br\/index.php?rest_route=\/wp\/v2\/types\/post"}],"author":[{"embeddable":true,"href":"http:\/\/www.funceme.br\/index.php?rest_route=\/wp\/v2\/users\/4"}],"replies":[{"embeddable":true,"href":"http:\/\/www.funceme.br\/index.php?rest_route=%2Fwp%2Fv2%2Fcomments&post=7109"}],"version-history":[{"count":1,"href":"http:\/\/www.funceme.br\/index.php?rest_route=\/wp\/v2\/posts\/7109\/revisions"}],"predecessor-version":[{"id":7111,"href":"http:\/\/www.funceme.br\/index.php?rest_route=\/wp\/v2\/posts\/7109\/revisions\/7111"}],"wp:featuredmedia":[{"embeddable":true,"href":"http:\/\/www.funceme.br\/index.php?rest_route=\/wp\/v2\/media\/7110"}],"wp:attachment":[{"href":"http:\/\/www.funceme.br\/index.php?rest_route=%2Fwp%2Fv2%2Fmedia&parent=7109"}],"wp:term":[{"taxonomy":"category","embeddable":true,"href":"http:\/\/www.funceme.br\/index.php?rest_route=%2Fwp%2Fv2%2Fcategories&post=7109"},{"taxonomy":"post_tag","embeddable":true,"href":"http:\/\/www.funceme.br\/index.php?rest_route=%2Fwp%2Fv2%2Ftags&post=7109"}],"curies":[{"name":"wp","href":"https:\/\/api.w.org\/{rel}","templated":true}]}}