{"id":7879,"date":"2020-07-16T17:00:00","date_gmt":"2020-07-16T20:00:00","guid":{"rendered":"http:\/\/www.funceme.br\/?p=7879"},"modified":"2020-07-16T20:47:05","modified_gmt":"2020-07-16T23:47:05","slug":"litoral-de-fortaleza-jaguaribana-sertao-central-e-inhamuns-tem-possibilidade-de-chuva-entre-quinta-e-sexta-feira","status":"publish","type":"post","link":"http:\/\/www.funceme.br\/?p=7879","title":{"rendered":"Litoral de Fortaleza, Jaguaribana, Sert\u00e3o Central e Inhamuns t\u00eam possibilidade de chuva entre quinta e sexta-feira"},"content":{"rendered":"\n<figure class=\"wp-block-image size-large\"><img decoding=\"async\" loading=\"lazy\" width=\"1200\" height=\"798\" src=\"http:\/\/www.funceme.br\/wp-content\/uploads\/2020\/07\/photography-of-rainy-weather-with-trees-725876-1200x798.jpg\" alt=\"Aproxima\u00e7\u00e3o de \u00e1reas de instabilidade permitir\u00e1 cen\u00e1rio para chuvas passageiras (FOTO: Yash Dengre)\" class=\"wp-image-7880\" srcset=\"http:\/\/www.funceme.br\/wp-content\/uploads\/2020\/07\/photography-of-rainy-weather-with-trees-725876-1200x798.jpg 1200w, http:\/\/www.funceme.br\/wp-content\/uploads\/2020\/07\/photography-of-rainy-weather-with-trees-725876-600x399.jpg 600w, http:\/\/www.funceme.br\/wp-content\/uploads\/2020\/07\/photography-of-rainy-weather-with-trees-725876-768x511.jpg 768w, http:\/\/www.funceme.br\/wp-content\/uploads\/2020\/07\/photography-of-rainy-weather-with-trees-725876.jpg 1280w\" sizes=\"(max-width: 1200px) 100vw, 1200px\" \/><figcaption>Aproxima\u00e7\u00e3o de \u00e1reas de instabilidade permitir\u00e1 cen\u00e1rio para chuvas passageiras (FOTO: Yash Dengre)<\/figcaption><\/figure>\n\n\n\n<p>O Estado do Cear\u00e1 segue com com condi\u00e7\u00f5es de estabilidade, o que favorece o c\u00e9u mais claro em maior parte do territ\u00f3rio, segundo an\u00e1lise do cen\u00e1rio meteorol\u00f3gico realizada pela Funda\u00e7\u00e3o Cearense de Meteorologia e Recursos H\u00eddricos (Funceme) na tarde desta quinta-feira (16). Por\u00e9m, a aproxima\u00e7\u00e3o de \u00e1reas de instabilidade poder\u00e3o colaborar para registros passageiros de chuva.<\/p>\n\n\n\n<p>Para hoje, os meteorologistas da Funceme indicam possibilidade de precipita\u00e7\u00f5es nas macrorregi\u00f5es do Litoral de Fortaleza, na Jaguaribana e ainda sobre o Sert\u00e3o Central e Inhamuns no per\u00edodo da noite, estendendo-se pela madrugada de sexta-feira (17). De modo geral, os acumulados dever\u00e3o ser de intensidade entre fraca e moderada.<\/p>\n\n\n\n<p>J\u00e1 no pr\u00f3ximo s\u00e1bado (18), neste momento, as condi\u00e7\u00f5es apontam para chances de chuva nos litorais de Fortaleza e do Pec\u00e9m com cobertura variada de nuvens entre madrugada e manh\u00e3, principalmente. J\u00e1 nas demais macrorregi\u00f5es,&nbsp; tend\u00eancia de predom\u00ednio de c\u00e9u claro.<\/p>\n","protected":false},"excerpt":{"rendered":"<p>O Estado do Cear\u00e1 segue com com condi\u00e7\u00f5es de estabilidade, o que favorece o c\u00e9u mais claro em maior parte do territ\u00f3rio, segundo an\u00e1lise do cen\u00e1rio meteorol\u00f3gico realizada pela Funda\u00e7\u00e3o Cearense de Meteorologia e Recursos H\u00eddricos (Funceme) na tarde desta quinta-feira (16). Por\u00e9m, a aproxima\u00e7\u00e3o de \u00e1reas de instabilidade poder\u00e3o colaborar para registros passageiros de [&hellip;]<\/p>\n","protected":false},"author":4,"featured_media":7880,"comment_status":"closed","ping_status":"open","sticky":false,"template":"","format":"standard","meta":[],"categories":[81,15],"tags":[47,49,303],"acf":[],"_links":{"self":[{"href":"http:\/\/www.funceme.br\/index.php?rest_route=\/wp\/v2\/posts\/7879"}],"collection":[{"href":"http:\/\/www.funceme.br\/index.php?rest_route=\/wp\/v2\/posts"}],"about":[{"href":"http:\/\/www.funceme.br\/index.php?rest_route=\/wp\/v2\/types\/post"}],"author":[{"embeddable":true,"href":"http:\/\/www.funceme.br\/index.php?rest_route=\/wp\/v2\/users\/4"}],"replies":[{"embeddable":true,"href":"http:\/\/www.funceme.br\/index.php?rest_route=%2Fwp%2Fv2%2Fcomments&post=7879"}],"version-history":[{"count":1,"href":"http:\/\/www.funceme.br\/index.php?rest_route=\/wp\/v2\/posts\/7879\/revisions"}],"predecessor-version":[{"id":7881,"href":"http:\/\/www.funceme.br\/index.php?rest_route=\/wp\/v2\/posts\/7879\/revisions\/7881"}],"wp:featuredmedia":[{"embeddable":true,"href":"http:\/\/www.funceme.br\/index.php?rest_route=\/wp\/v2\/media\/7880"}],"wp:attachment":[{"href":"http:\/\/www.funceme.br\/index.php?rest_route=%2Fwp%2Fv2%2Fmedia&parent=7879"}],"wp:term":[{"taxonomy":"category","embeddable":true,"href":"http:\/\/www.funceme.br\/index.php?rest_route=%2Fwp%2Fv2%2Fcategories&post=7879"},{"taxonomy":"post_tag","embeddable":true,"href":"http:\/\/www.funceme.br\/index.php?rest_route=%2Fwp%2Fv2%2Ftags&post=7879"}],"curies":[{"name":"wp","href":"https:\/\/api.w.org\/{rel}","templated":true}]}}