{"id":8003,"date":"2020-08-17T09:05:38","date_gmt":"2020-08-17T12:05:38","guid":{"rendered":"http:\/\/www.funceme.br\/?p=8003"},"modified":"2020-08-17T13:04:52","modified_gmt":"2020-08-17T16:04:52","slug":"agosto-concentra-menores-temperaturas-minimas-do-ceara-em-2020","status":"publish","type":"post","link":"http:\/\/www.funceme.br\/?p=8003","title":{"rendered":"Agosto concentra menores temperaturas m\u00ednimas do Cear\u00e1 em 2020"},"content":{"rendered":"\n<figure class=\"wp-block-image size-large\"><img decoding=\"async\" loading=\"lazy\" width=\"1200\" height=\"800\" src=\"http:\/\/www.funceme.br\/wp-content\/uploads\/2020\/08\/Guaramiranga-4-1200x800.jpg\" alt=\"Guaramiranga, no Maci\u00e7o de Baturit\u00e9, est\u00e1 estre as cidades com m\u00e9dias de temperatura mais baixas do estado (FOTO: Reprodu\u00e7\u00e3o)\" class=\"wp-image-8004\" srcset=\"http:\/\/www.funceme.br\/wp-content\/uploads\/2020\/08\/Guaramiranga-4-1200x800.jpg 1200w, http:\/\/www.funceme.br\/wp-content\/uploads\/2020\/08\/Guaramiranga-4-600x400.jpg 600w, http:\/\/www.funceme.br\/wp-content\/uploads\/2020\/08\/Guaramiranga-4-768x512.jpg 768w, http:\/\/www.funceme.br\/wp-content\/uploads\/2020\/08\/Guaramiranga-4-1536x1024.jpg 1536w, http:\/\/www.funceme.br\/wp-content\/uploads\/2020\/08\/Guaramiranga-4-2048x1365.jpg 2048w\" sizes=\"(max-width: 1200px) 100vw, 1200px\" \/><figcaption>Guaramiranga, no Maci\u00e7o de Baturit\u00e9, est\u00e1 estre as cidades com m\u00e9dias de temperatura mais baixas do estado (FOTO: Reprodu\u00e7\u00e3o)<\/figcaption><\/figure>\n\n\n\n<p>Em 2020, as temperaturas m\u00ednimas mais expressivas no Cear\u00e1 foram registradas neste m\u00eas de agosto, de acordo com dados da Funda\u00e7\u00e3o Cearense de Meteorologia e Recursos H\u00eddricos (Funceme) e do Instituto Nacional de Meteorologia (Inmet). Entre os munic\u00edpios monitorados por ambas as institui\u00e7\u00f5es, o registro mais expressivos at\u00e9 a \u00faltima sexta-feira (14) ocorreu em Barro, localizado na macrorregi\u00e3o do Cariri, com 13\u00b0C registrados \u00e0s 6h do \u00faltimo dia 11.<\/p>\n\n\n\n<p>A cidade do sul do Cear\u00e1, inclusive, aparece outras quatro vezes entre as 10 temperaturas m\u00ednimas mais baixas de 2020. Outro munic\u00edpio que tamb\u00e9m aparece cinco vezes na mesma lista \u00e9 Tiangu\u00e1, localizado na macrorregi\u00e3o da Ibiapaba. A temperatura mais baixa em neste munic\u00edpio foi observada no dia 9 deste m\u00eas, com 13,6\u00baC.<\/p>\n\n\n\n<figure class=\"wp-block-image size-large\"><img decoding=\"async\" loading=\"lazy\" width=\"1200\" height=\"1034\" src=\"http:\/\/www.funceme.br\/wp-content\/uploads\/2020\/08\/3G9xp-menores-temperaturas-m-nimas-do-cear-em-2020-1200x1034.png\" alt=\"\" class=\"wp-image-8005\" srcset=\"http:\/\/www.funceme.br\/wp-content\/uploads\/2020\/08\/3G9xp-menores-temperaturas-m-nimas-do-cear-em-2020-1200x1034.png 1200w, http:\/\/www.funceme.br\/wp-content\/uploads\/2020\/08\/3G9xp-menores-temperaturas-m-nimas-do-cear-em-2020-600x517.png 600w, http:\/\/www.funceme.br\/wp-content\/uploads\/2020\/08\/3G9xp-menores-temperaturas-m-nimas-do-cear-em-2020-768x661.png 768w, http:\/\/www.funceme.br\/wp-content\/uploads\/2020\/08\/3G9xp-menores-temperaturas-m-nimas-do-cear-em-2020.png 1240w\" sizes=\"(max-width: 1200px) 100vw, 1200px\" \/><\/figure>\n\n\n\n<p>A gerente do n\u00facleo de Meteorologia da Funceme, Meiry Sakamoto, comenta que o cen\u00e1rio se d\u00e1, entre outros fatores, pela chegada do inverno no Hemisf\u00e9rio Sul, que iniciou-se no dia 20 de junho de 2020 \u00e0s 18h44 com Solst\u00edcio de Inverno. \u201cOu seja, o per\u00edodo em que o Hemisf\u00e9rio Norte est\u00e1 mais inclinado para o Sol e terminar\u00e1 em 22 de setembro de 2020, com o Equin\u00f3cio da Primavera. No Brasil, o inverno caracteriza-se pelas temperaturas baixas, dias mais curtos e noites mais longas. No Cear\u00e1, mesmo pr\u00f3ximo \u00e0 Linha do Equador, \u00e9 poss\u00edvel observar m\u00ednimas mais baixas em rela\u00e7\u00e3o aos outros meses, explica.<\/p>\n\n\n\n<p><strong>M\u00e9dia hist\u00f3rica<\/strong><\/p>\n\n\n\n<p>De acordo com a normal climatol\u00f3gica do per\u00edodo entre 1981 e 2010, os meses de junho e julho, no Cear\u00e1, costumam apresentar os n\u00fameros mais expressivos em rela\u00e7\u00e3o \u00e0s temperaturas m\u00ednimas. Contudo, tamb\u00e9m \u00e9 poss\u00edvel observar registros importantes dentro dessa categoria no m\u00eas de agosto.<\/p>\n\n\n\n<p>Alguns munic\u00edpios do Cear\u00e1 apresentam, em agosto, uma m\u00e9dia de temperatura m\u00ednima abaixo dos 20\u00baC, como \u00e9 o caso de Guaramiranga (17,3\u00baC), Campos Sales (18,8\u00baC) e Barbalha (19,9\u00baC). Na Capital, a m\u00e9dia da temperatura m\u00ednima \u00e9 de 21,5\u00baC.<\/p>\n\n\n\n<p><strong>Temperatura e sensa\u00e7\u00e3o t\u00e9rmica<\/strong><\/p>\n\n\n\n<p>A Funceme ressalta que \u201ctemperatura\u201d \u00e9 a grandeza f\u00edsica medida atrav\u00e9s de escalas termom\u00e9tricas (ex: graus Celsius, Fahrenheit, Kelvin etc.) e est\u00e1 relacionada \u00e0 energia interna de um sistema e depende do grau de agita\u00e7\u00e3o de suas mol\u00e9culas; j\u00e1 a \u201csensa\u00e7\u00e3o t\u00e9rmica\u201d \u00e9 a temperatura aparente sentida pela pele exposta, em virtude da combina\u00e7\u00e3o entre temperatura do ar, umidade relativa do ar e velocidade do vento.<\/p>\n\n\n\n<p>\u201cAssim, uma mesma condi\u00e7\u00e3o de temperatura do ar mais alta, por exemplo, com ou sem presen\u00e7a de vento mais forte, pode dar uma sensa\u00e7\u00e3o t\u00e9rmica diferenciada. O vento ajuda a dissipar o calor dos corpos e assim proporcionar\u00e1 sensa\u00e7\u00e3o de temperatura mais amena do que a efetivamente medida no term\u00f4metro, finaliza Sakamoto.<\/p>\n","protected":false},"excerpt":{"rendered":"<p>Em 2020, as temperaturas m\u00ednimas mais expressivas no Cear\u00e1 foram registradas neste m\u00eas de agosto, de acordo com dados da Funda\u00e7\u00e3o Cearense de Meteorologia e Recursos H\u00eddricos (Funceme) e do Instituto Nacional de Meteorologia (Inmet). Entre os munic\u00edpios monitorados por ambas as institui\u00e7\u00f5es, o registro mais expressivos at\u00e9 a \u00faltima sexta-feira (14) ocorreu em Barro, [&hellip;]<\/p>\n","protected":false},"author":4,"featured_media":8004,"comment_status":"closed","ping_status":"open","sticky":false,"template":"","format":"standard","meta":[],"categories":[81,15],"tags":[323,395,282,426,188],"acf":[],"_links":{"self":[{"href":"http:\/\/www.funceme.br\/index.php?rest_route=\/wp\/v2\/posts\/8003"}],"collection":[{"href":"http:\/\/www.funceme.br\/index.php?rest_route=\/wp\/v2\/posts"}],"about":[{"href":"http:\/\/www.funceme.br\/index.php?rest_route=\/wp\/v2\/types\/post"}],"author":[{"embeddable":true,"href":"http:\/\/www.funceme.br\/index.php?rest_route=\/wp\/v2\/users\/4"}],"replies":[{"embeddable":true,"href":"http:\/\/www.funceme.br\/index.php?rest_route=%2Fwp%2Fv2%2Fcomments&post=8003"}],"version-history":[{"count":1,"href":"http:\/\/www.funceme.br\/index.php?rest_route=\/wp\/v2\/posts\/8003\/revisions"}],"predecessor-version":[{"id":8006,"href":"http:\/\/www.funceme.br\/index.php?rest_route=\/wp\/v2\/posts\/8003\/revisions\/8006"}],"wp:featuredmedia":[{"embeddable":true,"href":"http:\/\/www.funceme.br\/index.php?rest_route=\/wp\/v2\/media\/8004"}],"wp:attachment":[{"href":"http:\/\/www.funceme.br\/index.php?rest_route=%2Fwp%2Fv2%2Fmedia&parent=8003"}],"wp:term":[{"taxonomy":"category","embeddable":true,"href":"http:\/\/www.funceme.br\/index.php?rest_route=%2Fwp%2Fv2%2Fcategories&post=8003"},{"taxonomy":"post_tag","embeddable":true,"href":"http:\/\/www.funceme.br\/index.php?rest_route=%2Fwp%2Fv2%2Ftags&post=8003"}],"curies":[{"name":"wp","href":"https:\/\/api.w.org\/{rel}","templated":true}]}}