{"id":8238,"date":"2020-09-29T19:27:21","date_gmt":"2020-09-29T22:27:21","guid":{"rendered":"http:\/\/www.funceme.br\/?p=8238"},"modified":"2020-09-29T19:28:30","modified_gmt":"2020-09-29T22:28:30","slug":"parceria-entre-ceara-e-franca-vai-aprimorar-desenvolvimento-sustentavel-da-agua-no-estado-pesquisas-terao-mais-de-r-625-mi-em-investimento","status":"publish","type":"post","link":"http:\/\/www.funceme.br\/?p=8238","title":{"rendered":"Parceria entre Cear\u00e1 e Fran\u00e7a vai aprimorar desenvolvimento sustent\u00e1vel da \u00e1gua no Estado; pesquisas ter\u00e3o mais de R$ 6,25 mi em investimento"},"content":{"rendered":"<div id=\"attachment_8239\" style=\"width: 710px\" class=\"wp-caption aligncenter\"><a href=\"http:\/\/www.funceme.br\/wp-content\/uploads\/2020\/09\/WhatsApp-Image-2020-09-29-at-17.55.49.jpeg\"><img aria-describedby=\"caption-attachment-8239\" decoding=\"async\" loading=\"lazy\" class=\"wp-image-8239\" src=\"http:\/\/www.funceme.br\/wp-content\/uploads\/2020\/09\/WhatsApp-Image-2020-09-29-at-17.55.49.jpeg\" alt=\"As a\u00e7\u00f5es ser\u00e3o realizadas pela Funceme em parceria com o Centro Franc\u00eas de Pesquisa Agr\u00edcola para o Desenvolvimento (Cirad), que est\u00e1 co-financiando o projeto (FOTO: Carlos Gibaja\/Governo do Cear\u00e1)\" width=\"700\" height=\"468\" srcset=\"http:\/\/www.funceme.br\/wp-content\/uploads\/2020\/09\/WhatsApp-Image-2020-09-29-at-17.55.49.jpeg 1280w, http:\/\/www.funceme.br\/wp-content\/uploads\/2020\/09\/WhatsApp-Image-2020-09-29-at-17.55.49-600x401.jpeg 600w, http:\/\/www.funceme.br\/wp-content\/uploads\/2020\/09\/WhatsApp-Image-2020-09-29-at-17.55.49-1200x802.jpeg 1200w, http:\/\/www.funceme.br\/wp-content\/uploads\/2020\/09\/WhatsApp-Image-2020-09-29-at-17.55.49-768x513.jpeg 768w\" sizes=\"(max-width: 700px) 100vw, 700px\" \/><\/a><p id=\"caption-attachment-8239\" class=\"wp-caption-text\"><span style=\"color: #6b6b6b;\"><em>As a\u00e7\u00f5es ser\u00e3o realizadas pela Funceme em parceria com o Centro Franc\u00eas de Pesquisa Agr\u00edcola para o Desenvolvimento (Cirad), que est\u00e1 co-financiando o projeto (FOTO: Carlos Gibaja\/Governo do Cear\u00e1)<\/em><\/span><\/p><\/div>\n<p style=\"text-align: justify;\">O Governo do Cear\u00e1, por meio da Funda\u00e7\u00e3o Cearense de Meteorologia e Recursos H\u00eddricos (Funceme), e a Ag\u00eancia Francesa de Desenvolvimento (AFD) assinaram, na tarde desta ter\u00e7a-feira (29), um programa de estudos visando a redu\u00e7\u00e3o de impactos ambientais por meio do desenvolvimento de uma economia de baixo carbono. O valor investido \u00e9 de 950 mil euros (cerca de R$ 6.250,00 milh\u00f5es) em pesquisas na \u00e1rea.<\/p>\n<p style=\"text-align: justify;\">O Memorando de Entendimento assinado na presen\u00e7a do governador Camilo Santana, do encarregado de Neg\u00f3cios da Embaixada da Fran\u00e7a no Brasil, Gilles Pecassou, e do secret\u00e1rio de Recursos H\u00eddricos, Francisco Teixeira, al\u00e9m do presidente da Funceme, Eduardo S\u00e1vio Martins, e o diretor regional da AFD no Brasil, Philippe Orliange, permitir\u00e1 o lan\u00e7amento de uma s\u00e9rie de estudos sobre a gest\u00e3o sustent\u00e1vel da \u00e1gua no Nordeste e seus diversos usos.<\/p>\n<p style=\"text-align: justify;\">\u201cQuero dizer que, para n\u00f3s, \u00e9 um momento de muita alegria estar assinando este memorando. Quero agradecer \u00e0 AFD pela parceria, assim como o governo franc\u00eas tamb\u00e9m pelo estreitamento destas rela\u00e7\u00f5es entre o Cear\u00e1 e a Fran\u00e7a e nos colocar sempre \u00e0 disposi\u00e7\u00e3o para que a gente possa construir parcerias e buscar novos horizontes e melhorias para a qualidade de vida do povo cearense\u201d, afirmou o governador.<\/p>\n<p style=\"text-align: justify;\"><strong>Sobre os recursos<\/strong><\/p>\n<p style=\"text-align: justify;\">Eles ser\u00e3o financiados em 950 mil euros pela ferramenta &#8220;Facilit\u00e9 2050&#8221; da AFD, que foi criada ap\u00f3s a One Planet Summit, ocorrida em dezembro de 2017, em Paris. Ela apoiar\u00e1 cerca de 30 pa\u00edses na constru\u00e7\u00e3o de trajet\u00f3rias de desenvolvimento resilientes e de baixo carbono, compat\u00edveis com os objetivos do Acordo de Paris. Trata-se do primeiro estudo financiado pelo programa no Brasil.<\/p>\n<p style=\"text-align: justify;\">\u201cO Estado do Cear\u00e1 \u00e9 l\u00edder em muitas \u00e1reas no Brasil. E a coopera\u00e7\u00e3o internacional n\u00e3o \u00e9 exce\u00e7\u00e3o. Esse programa de apoio \u00e0 elabora\u00e7\u00e3o de trajet\u00f3rias de desenvolvimento resilientes e de baixo carbono no Cear\u00e1 e no Nordeste combinar\u00e1 os esfor\u00e7os dos pesquisadores cearenses e franceses com o trabalho dos gestores de pol\u00edticas p\u00fablicas para obter trajet\u00f3rias de desenvolvimento mais resilientes que atendam \u00e0s necessidades da popula\u00e7\u00e3o do Cear\u00e1 e do Nordeste\u201d, pontua Philippe Orliange, Diretor Regional da AFD no Brasil.<\/p>\n<p style=\"text-align: justify;\">O projeto financiar\u00e1 atividades de pesquisa e capacita\u00e7\u00e3o no Nordeste rural. Elas ser\u00e3o divididas em tr\u00eas \u00e1reas: (1) analisar os impactos da mudan\u00e7a clim\u00e1tica nos setores de \u00e1gua, energia e agricultura e avaliar os efeitos de pol\u00edticas p\u00fablicas; (2) identificar caminhos de desenvolvimento agr\u00edcola menos intensivos em emiss\u00f5es de gases de efeito estufa para promover a transi\u00e7\u00e3o agroecol\u00f3gica; (3) refor\u00e7ar as capacidades das institui\u00e7\u00f5es atuantes no setor e aprimorar os sistemas de informa\u00e7\u00e3o.<\/p>\n<p style=\"text-align: justify;\"><strong>Processo<\/strong><\/p>\n<p style=\"text-align: justify;\">As a\u00e7\u00f5es ser\u00e3o realizadas pela Funceme em parceria com o Centro Franc\u00eas de Pesquisa Agr\u00edcola para o Desenvolvimento (Cirad), que est\u00e1 co-financiando o projeto. Ser\u00e3o envolvidos tamb\u00e9m o Instituto Franc\u00eas de Pesquisa para o Desenvolvimento (IRD), o Instituto Nacional Franc\u00eas de Pesquisa Agr\u00edcola (Inrae) e universidades brasileiras.<\/p>\n<p style=\"text-align: justify;\">Para o presidente da Funceme, Eduardo S\u00e1vio Martins, o memorando \u00e9 fruto de um processo de intensa reflex\u00e3o no \u00e2mbito de uma colabora\u00e7\u00e3o entre Fran\u00e7a e o Cear\u00e1 atrav\u00e9s de suas institui\u00e7\u00f5es de pesquisa.<\/p>\n<p style=\"text-align: justify;\">\u201cNeste contexto, desenhou-se como objetivo, a partir do instrumento Facilit\u00e9 2050, a identifica\u00e7\u00e3o de trajet\u00f3rias visando o desenvolvimento sustent\u00e1vel levando em considera\u00e7\u00e3o a pegada de carbono. A Funceme \u00e9 uma institui\u00e7\u00e3o ligada ao setor de recursos h\u00eddricos e busca, a partir deste instrumento, uma vis\u00e3o mais integrada da gest\u00e3o do territ\u00f3rio, incluindo aqui os v\u00ednculos diretos e indiretos do setor de recursos h\u00eddricos com os setores energ\u00e9ticos e agr\u00edcolas\u201d, comemora.<\/p>\n<p style=\"text-align: justify;\">As an\u00e1lises proporcionar\u00e3o uma melhor compreens\u00e3o do funcionamento hidrol\u00f3gico da regi\u00e3o e permitir\u00e3o a an\u00e1lise de diferentes op\u00e7\u00f5es t\u00e9cnicas para o abastecimento de \u00e1gua pot\u00e1vel. Elas tamb\u00e9m propiciar\u00e3o uma melhor compreens\u00e3o das implica\u00e7\u00f5es clim\u00e1ticas da din\u00e2mica recente do desenvolvimento agr\u00edcola.<\/p>\n<p style=\"text-align: justify;\">Para o secret\u00e1rio dos Recursos H\u00eddricos, Francisco Teixeira, a parceria \u00e9 hist\u00f3rica para o Cear\u00e1. \u201cA Funceme tem grandes parcerias visando o desenvolvimento sustent\u00e1vel, sempre com uma vis\u00e3o de amplitude que vai al\u00e9m dos recursos h\u00eddricos, desenvolvendo economias de baixo teor de carbono e com uma gest\u00e3o de inclus\u00e3o do territ\u00f3rio rural. N\u00e3o tenho d\u00favidas que ser\u00e1 mais uma grande parceria para o desenvolvimento sustent\u00e1vel do nosso Estado\u201d.<\/p>\n","protected":false},"excerpt":{"rendered":"<p>O Governo do Cear\u00e1, por meio da Funda\u00e7\u00e3o Cearense de Meteorologia e Recursos H\u00eddricos (Funceme), e a Ag\u00eancia Francesa de Desenvolvimento (AFD) assinaram, na tarde desta ter\u00e7a-feira (29), um programa de estudos visando a redu\u00e7\u00e3o de impactos ambientais por meio do desenvolvimento de uma economia de baixo carbono. O valor investido \u00e9 de 950 mil [&hellip;]<\/p>\n","protected":false},"author":4,"featured_media":8239,"comment_status":"closed","ping_status":"open","sticky":false,"template":"","format":"standard","meta":[],"categories":[59,15],"tags":[434,95,80,94,68],"acf":[],"_links":{"self":[{"href":"http:\/\/www.funceme.br\/index.php?rest_route=\/wp\/v2\/posts\/8238"}],"collection":[{"href":"http:\/\/www.funceme.br\/index.php?rest_route=\/wp\/v2\/posts"}],"about":[{"href":"http:\/\/www.funceme.br\/index.php?rest_route=\/wp\/v2\/types\/post"}],"author":[{"embeddable":true,"href":"http:\/\/www.funceme.br\/index.php?rest_route=\/wp\/v2\/users\/4"}],"replies":[{"embeddable":true,"href":"http:\/\/www.funceme.br\/index.php?rest_route=%2Fwp%2Fv2%2Fcomments&post=8238"}],"version-history":[{"count":2,"href":"http:\/\/www.funceme.br\/index.php?rest_route=\/wp\/v2\/posts\/8238\/revisions"}],"predecessor-version":[{"id":8242,"href":"http:\/\/www.funceme.br\/index.php?rest_route=\/wp\/v2\/posts\/8238\/revisions\/8242"}],"wp:featuredmedia":[{"embeddable":true,"href":"http:\/\/www.funceme.br\/index.php?rest_route=\/wp\/v2\/media\/8239"}],"wp:attachment":[{"href":"http:\/\/www.funceme.br\/index.php?rest_route=%2Fwp%2Fv2%2Fmedia&parent=8238"}],"wp:term":[{"taxonomy":"category","embeddable":true,"href":"http:\/\/www.funceme.br\/index.php?rest_route=%2Fwp%2Fv2%2Fcategories&post=8238"},{"taxonomy":"post_tag","embeddable":true,"href":"http:\/\/www.funceme.br\/index.php?rest_route=%2Fwp%2Fv2%2Ftags&post=8238"}],"curies":[{"name":"wp","href":"https:\/\/api.w.org\/{rel}","templated":true}]}}