{"id":8403,"date":"2020-11-04T20:11:27","date_gmt":"2020-11-04T23:11:27","guid":{"rendered":"http:\/\/www.funceme.br\/?p=8403"},"modified":"2020-11-04T20:20:29","modified_gmt":"2020-11-04T23:20:29","slug":"areas-mais-ao-norte-do-ceara-apresentarao-maiores-condicoes-de-chuva-ate-sexta-feira-indica-previsao-do-tempo","status":"publish","type":"post","link":"http:\/\/www.funceme.br\/?p=8403","title":{"rendered":"Regi\u00f5es mais ao norte do Cear\u00e1 apresentar\u00e3o maiores condi\u00e7\u00f5es de chuva at\u00e9 sexta-feira, indica previs\u00e3o do tempo"},"content":{"rendered":"<div id=\"attachment_8404\" style=\"width: 710px\" class=\"wp-caption aligncenter\"><a href=\"http:\/\/www.funceme.br\/wp-content\/uploads\/2020\/11\/WhatsApp-Image-2020-11-04-at-05.53.12.jpeg\"><img aria-describedby=\"caption-attachment-8404\" decoding=\"async\" loading=\"lazy\" class=\"wp-image-8404\" src=\"http:\/\/www.funceme.br\/wp-content\/uploads\/2020\/11\/WhatsApp-Image-2020-11-04-at-05.53.12.jpeg\" alt=\"A forma\u00e7\u00e3o de \u00e1reas de instabilidade t\u00eam colaborado para chuvas no Cear\u00e1 neste come\u00e7o de m\u00eas (FOTO: S\u00e1vio Sampaio)\" width=\"700\" height=\"525\" srcset=\"http:\/\/www.funceme.br\/wp-content\/uploads\/2020\/11\/WhatsApp-Image-2020-11-04-at-05.53.12.jpeg 1280w, http:\/\/www.funceme.br\/wp-content\/uploads\/2020\/11\/WhatsApp-Image-2020-11-04-at-05.53.12-600x450.jpeg 600w, http:\/\/www.funceme.br\/wp-content\/uploads\/2020\/11\/WhatsApp-Image-2020-11-04-at-05.53.12-1200x900.jpeg 1200w, http:\/\/www.funceme.br\/wp-content\/uploads\/2020\/11\/WhatsApp-Image-2020-11-04-at-05.53.12-768x576.jpeg 768w\" sizes=\"(max-width: 700px) 100vw, 700px\" \/><\/a><p id=\"caption-attachment-8404\" class=\"wp-caption-text\"><span style=\"color: #6b6b6b;\">A forma\u00e7\u00e3o de \u00e1reas de instabilidade t\u00eam colaborado para chuvas no Cear\u00e1 neste come\u00e7o de m\u00eas (FOTO: S\u00e1vio Sampaio)<\/span><\/p><\/div>\n<p><span style=\"font-weight: 400;\">O Cear\u00e1 segue com condi\u00e7\u00f5es de chuva e dever\u00e1 permanecer assim at\u00e9, pelo menos, a pr\u00f3xima sexta-feira (6), de acordo com previs\u00e3o do tempo realizada pela Funda\u00e7\u00e3o Cearense de Meteorologia e Recursos H\u00eddricos na tarde desta quarta (4).<\/span><\/p>\n<p><span style=\"font-weight: 400;\">Entre a tarde e noite de hoje, todas as macrorregi\u00f5es apresentam possibilidade de precipita\u00e7\u00f5es, isto \u00e9, de 5 a 20% da \u00e1rea de cada uma delas, o que refor\u00e7a que nem todos os munic\u00edpios est\u00e3o suscept\u00edveis. Os principais acumulados at\u00e9 o fim desta quarta dever\u00e3o se concentrar no oeste\/noroeste do estado, al\u00e9m do Cariri.<\/span><\/p>\n<p><span style=\"font-weight: 400;\">Para amanh\u00e3, dia 5 de novembro, a expectativa \u00e9 o centro-norte tenha registros de chuva, principalmente entre madrugada e manh\u00e3. Ao longo do dia, o territ\u00f3rio apresentar\u00e1 c\u00e9u parcialmente nublado.<\/span><\/p>\n<p><span style=\"font-weight: 400;\">Por fim, na pr\u00f3xima sexta, a Funceme indica possibilidade de chuva no Maci\u00e7o de Baturit\u00e9, nos litorais de Fortaleza e Pec\u00e9m.<\/span><\/p>\n<p>Todo este cen\u00e1rio favor\u00e1vel a precipita\u00e7\u00f5es se d\u00e1 pela atua\u00e7\u00e3o da Zona de Converg\u00eancia do Atl\u00e2ntico Sul (ZCAS), que \u00e9 uma banda de nuvens com orienta\u00e7\u00e3o noroeste-sudeste, indo da da regi\u00e3o amaz\u00f4nica at\u00e9 o sudeste do Brasil, al\u00e9m da presen\u00e7a de um Sistema Frontal ao sul da Bahia.<\/p>\n<p><b>\u2018Tempo abafado\u2019<\/b><\/p>\n<p><span style=\"font-weight: 400;\">Com a presen\u00e7a maior de nuvens sobre o territ\u00f3rio cearense a redu\u00e7\u00e3o da velocidade dos ventos, \u00e9 comum o tradicional \u2018tempo abafado\u2019. Mesmo que ainda haja, nos pr\u00f3ximas 72 horas, chances de rajadas variando entre 27 e 37 km\/h, a sensa\u00e7\u00e3o de calor manterar-se firme.<\/span><\/p>\n<p><span style=\"font-weight: 400;\">\u201cO vento retira calor da nossa pele, facilita a evapora\u00e7\u00e3o do suor. A sensa\u00e7\u00e3o de calor diminui, ent\u00e3o, aquela sensa\u00e7\u00e3o de \u2018abafado\u2019 fica menos intensa. \u00c9 mais ou menos o que acontece quando a gente usa o ventilador para refrescar o nosso corpo\u201d, explica o meteorologista da Funceme, Raul Fritz.\u00a0<\/span><\/p>\n<p><a href=\"http:\/\/www.funceme.br\/wp-content\/uploads\/2020\/11\/TEMP-M\u00c1X-M\u00c9DIA-NOVEMBRO.jpg\"><img decoding=\"async\" loading=\"lazy\" class=\"aligncenter wp-image-8408\" src=\"http:\/\/www.funceme.br\/wp-content\/uploads\/2020\/11\/TEMP-M\u00c1X-M\u00c9DIA-NOVEMBRO.jpg\" alt=\"\" width=\"700\" height=\"841\" srcset=\"http:\/\/www.funceme.br\/wp-content\/uploads\/2020\/11\/TEMP-M\u00c1X-M\u00c9DIA-NOVEMBRO.jpg 1925w, http:\/\/www.funceme.br\/wp-content\/uploads\/2020\/11\/TEMP-M\u00c1X-M\u00c9DIA-NOVEMBRO-600x721.jpg 600w, http:\/\/www.funceme.br\/wp-content\/uploads\/2020\/11\/TEMP-M\u00c1X-M\u00c9DIA-NOVEMBRO-1200x1442.jpg 1200w, http:\/\/www.funceme.br\/wp-content\/uploads\/2020\/11\/TEMP-M\u00c1X-M\u00c9DIA-NOVEMBRO-768x923.jpg 768w, http:\/\/www.funceme.br\/wp-content\/uploads\/2020\/11\/TEMP-M\u00c1X-M\u00c9DIA-NOVEMBRO-1278x1536.jpg 1278w, http:\/\/www.funceme.br\/wp-content\/uploads\/2020\/11\/TEMP-M\u00c1X-M\u00c9DIA-NOVEMBRO-1704x2048.jpg 1704w\" sizes=\"(max-width: 700px) 100vw, 700px\" \/><\/a><\/p>\n<p><span style=\"font-weight: 400;\">No Cear\u00e1, novembro \u00e9 um m\u00eas tipicamente quente. As temperaturas m\u00e1ximas m\u00e9dias passam dos 30\u00baC em todo o estado, conforme as normais climatol\u00f3gicas do Instituto Nacional de Meteorologia (Inmet). Sobral \u00e9 quem possui a maior: 36,5\u00b0C.<\/span><\/p>\n<p><span style=\"font-weight: 400;\">Apesar das precipita\u00e7\u00f5es do come\u00e7o do m\u00eas, novembro tem um m\u00e9dia baixa para chuvas. De acordo com a Funceme, a normal \u00e9 de 31,6 mil\u00edmetros.<\/span><\/p>\n","protected":false},"excerpt":{"rendered":"<p>O Cear\u00e1 segue com condi\u00e7\u00f5es de chuva e dever\u00e1 permanecer assim at\u00e9, pelo menos, a pr\u00f3xima sexta-feira (6), de acordo com previs\u00e3o do tempo realizada pela Funda\u00e7\u00e3o Cearense de Meteorologia e Recursos H\u00eddricos na tarde desta quarta (4). Entre a tarde e noite de hoje, todas as macrorregi\u00f5es apresentam possibilidade de precipita\u00e7\u00f5es, isto \u00e9, de [&hellip;]<\/p>\n","protected":false},"author":4,"featured_media":8404,"comment_status":"closed","ping_status":"open","sticky":false,"template":"","format":"standard","meta":[],"categories":[81,15],"tags":[66,47,430,101,437],"acf":[],"_links":{"self":[{"href":"http:\/\/www.funceme.br\/index.php?rest_route=\/wp\/v2\/posts\/8403"}],"collection":[{"href":"http:\/\/www.funceme.br\/index.php?rest_route=\/wp\/v2\/posts"}],"about":[{"href":"http:\/\/www.funceme.br\/index.php?rest_route=\/wp\/v2\/types\/post"}],"author":[{"embeddable":true,"href":"http:\/\/www.funceme.br\/index.php?rest_route=\/wp\/v2\/users\/4"}],"replies":[{"embeddable":true,"href":"http:\/\/www.funceme.br\/index.php?rest_route=%2Fwp%2Fv2%2Fcomments&post=8403"}],"version-history":[{"count":3,"href":"http:\/\/www.funceme.br\/index.php?rest_route=\/wp\/v2\/posts\/8403\/revisions"}],"predecessor-version":[{"id":8409,"href":"http:\/\/www.funceme.br\/index.php?rest_route=\/wp\/v2\/posts\/8403\/revisions\/8409"}],"wp:featuredmedia":[{"embeddable":true,"href":"http:\/\/www.funceme.br\/index.php?rest_route=\/wp\/v2\/media\/8404"}],"wp:attachment":[{"href":"http:\/\/www.funceme.br\/index.php?rest_route=%2Fwp%2Fv2%2Fmedia&parent=8403"}],"wp:term":[{"taxonomy":"category","embeddable":true,"href":"http:\/\/www.funceme.br\/index.php?rest_route=%2Fwp%2Fv2%2Fcategories&post=8403"},{"taxonomy":"post_tag","embeddable":true,"href":"http:\/\/www.funceme.br\/index.php?rest_route=%2Fwp%2Fv2%2Ftags&post=8403"}],"curies":[{"name":"wp","href":"https:\/\/api.w.org\/{rel}","templated":true}]}}