{"id":8476,"date":"2020-12-08T12:24:06","date_gmt":"2020-12-08T15:24:06","guid":{"rendered":"http:\/\/www.funceme.br\/?p=8476"},"modified":"2020-12-08T13:21:01","modified_gmt":"2020-12-08T16:21:01","slug":"ceara-entra-no-periodo-da-pre-estacao-saiba-mais","status":"publish","type":"post","link":"http:\/\/www.funceme.br\/?p=8476","title":{"rendered":"Cear\u00e1 entra no per\u00edodo da Pr\u00e9-Esta\u00e7\u00e3o; saiba mais"},"content":{"rendered":"<div id=\"attachment_8477\" style=\"width: 730px\" class=\"wp-caption aligncenter\"><a href=\"http:\/\/www.funceme.br\/wp-content\/uploads\/2020\/12\/Cedro-Cariri.jpeg\"><img aria-describedby=\"caption-attachment-8477\" decoding=\"async\" loading=\"lazy\" class=\"wp-image-8477\" src=\"http:\/\/www.funceme.br\/wp-content\/uploads\/2020\/12\/Cedro-Cariri.jpeg\" alt=\"Sistemas que trazem chuva para o Cear\u00e1 podem variar ao longo dos dias (FOTO: Marciel Bezerra)\" width=\"720\" height=\"405\" srcset=\"http:\/\/www.funceme.br\/wp-content\/uploads\/2020\/12\/Cedro-Cariri.jpeg 1280w, http:\/\/www.funceme.br\/wp-content\/uploads\/2020\/12\/Cedro-Cariri-600x338.jpeg 600w, http:\/\/www.funceme.br\/wp-content\/uploads\/2020\/12\/Cedro-Cariri-1200x675.jpeg 1200w, http:\/\/www.funceme.br\/wp-content\/uploads\/2020\/12\/Cedro-Cariri-768x432.jpeg 768w\" sizes=\"(max-width: 720px) 100vw, 720px\" \/><\/a><p id=\"caption-attachment-8477\" class=\"wp-caption-text\"><span style=\"color: #6b6b6b;\"><em>Sistemas que trazem chuva para o Cear\u00e1 podem variar ao longo dos dias (FOTO: Marciel Bezerra)<\/em><\/span><\/p><\/div>\n<p>Os meses de dezembro e janeiro marcam a Pr\u00e9-Esta\u00e7\u00e3o no Cear\u00e1. Como o pr\u00f3prio nome diz, ela antecede o principal per\u00edodo de chuvas no Estado, que vai de fevereiro a maio. Considerando seu hist\u00f3rico, ele tem suas caracter\u00edsticas clim\u00e1ticas espec\u00edficas.<\/p>\n<p>De acordo com dados da Funda\u00e7\u00e3o Cearense de Meteorologia e Recursos H\u00eddricos (Funceme), a m\u00e9dia para o bimestre \u00e9 de 130,3 mil\u00edmetros, sendo 31,6 mm correspondentes \u00e0s chuvas em dezembro e 98,7 mm, em janeiro. A qualidade das precipita\u00e7\u00f5es nesta \u00e9poca n\u00e3o t\u00eam rela\u00e7\u00e3o com o resultado dos meses seguintes.<\/p>\n<p>\u201cAs chuvas da Pr\u00e9-Esta\u00e7\u00e3o n\u00e3o influenciam as chuvas da esta\u00e7\u00e3o chuvosa principal, pois, de modo geral, os sistemas meteorol\u00f3gicos atuantes em dezembro e janeiro s\u00e3o diferentes dos observados na quadra chuvosa\u201d, comenta a gerente de Meteorologia da Funceme, Meiry Sakamoto.<\/p>\n<p>Ao longo dos \u00faltimos anos, os resultados da Pr\u00e9 foram os seguintes:<\/p>\n<p><a href=\"http:\/\/www.funceme.br\/wp-content\/uploads\/2020\/12\/Dados-de-Pr\u00e9-Esta\u00e7\u00e3o.png\"><img decoding=\"async\" loading=\"lazy\" class=\"aligncenter wp-image-8478\" src=\"http:\/\/www.funceme.br\/wp-content\/uploads\/2020\/12\/Dados-de-Pr\u00e9-Esta\u00e7\u00e3o.png\" alt=\"\" width=\"720\" height=\"537\" srcset=\"http:\/\/www.funceme.br\/wp-content\/uploads\/2020\/12\/Dados-de-Pr\u00e9-Esta\u00e7\u00e3o.png 1240w, http:\/\/www.funceme.br\/wp-content\/uploads\/2020\/12\/Dados-de-Pr\u00e9-Esta\u00e7\u00e3o-600x447.png 600w, http:\/\/www.funceme.br\/wp-content\/uploads\/2020\/12\/Dados-de-Pr\u00e9-Esta\u00e7\u00e3o-1200x894.png 1200w, http:\/\/www.funceme.br\/wp-content\/uploads\/2020\/12\/Dados-de-Pr\u00e9-Esta\u00e7\u00e3o-768x572.png 768w\" sizes=\"(max-width: 720px) 100vw, 720px\" \/><\/a><\/p>\n<p>Entre o fim e o come\u00e7o no ano, as precipita\u00e7\u00f5es costumam ser decorrentes da influ\u00eancia de frentes frias que alcan\u00e7am o Estado da Bahia e provocam forma\u00e7\u00e3o de \u00e1reas de instabilidade e nuvens de chuva, principalmente, no sul do Cear\u00e1, por isso, as chuvas no Cariri costumam iniciar no m\u00eas de dezembro.<\/p>\n<p>Al\u00e9m das frentes frias, o per\u00edodo tamb\u00e9m \u00e9 caracterizado pela atua\u00e7\u00e3o dos V\u00f3rtices Cicl\u00f4nicos de Altos N\u00edveis (VCANs) e dos Cavados de Altos N\u00edveis (CANs), que dependendo do seu posicionamento provocam chuvas no Cear\u00e1.<\/p>\n<p>\u201cExplicando melhor, o posicionamento das bordas desses dois sistemas sobre o Cear\u00e1 significa ocorr\u00eancia de chuvas. o posicionamento do centro desses sistemas, ao contr\u00e1rio, supress\u00e3o de chuvas. Os v\u00f3rtices e cavados t\u00eam seu per\u00edodo de atua\u00e7\u00e3o, principalmente, em janeiro, podendo se estender at\u00e9 fevereiro (in\u00edcio da quadra chuvosa), mas reduzindo a partir de mar\u00e7o. Esses sistemas indutores de precipita\u00e7\u00f5es nesta \u00e9poca s\u00e3o de baixa previsibilidade e costumam ser identificados nas previs\u00f5es de curto prazo, isto \u00e9, at\u00e9 tr\u00eas dias\u2019, explica Sakamoto.<\/p>\n<p>Por sua vez, durante a quadra chuvosa, o principal sistema indutor de chuvas no Cear\u00e1 \u00e9 a Zona de Converg\u00eancia Intertropical (ZCIT).<\/p>\n<p><strong>Tend\u00eancias<\/strong><\/p>\n<p>Conforme a Funceme, a tend\u00eancia \u00e9 de que o volume acumulado de chuvas em <strong>dezembro<\/strong> de 2020 fique pr\u00f3ximo \u00e0 normal climatol\u00f3gica, isto \u00e9, pr\u00f3ximo a 31,6 mm. \u201cObservamos, contudo, que como os sistemas meteorol\u00f3gicos atuantes neste per\u00edodo s\u00e3o transientes e de baixa previsibilidade, \u00e9 importante acompanhar as previs\u00f5es de tempo divulgadas diariamente\u201d, finaliza a gerente do \u00f3rg\u00e3o estadual.<\/p>\n<p>Para acompanhar as previs\u00f5es di\u00e1rias de tempo, basta acessar o site da Funceme ou conferir por meio do aplicativo <strong>Funceme Tempo<\/strong>, que \u00e9 gratuito e dispon\u00edvel para todas as plataformas.<\/p>\n","protected":false},"excerpt":{"rendered":"<p>Os meses de dezembro e janeiro marcam a Pr\u00e9-Esta\u00e7\u00e3o no Cear\u00e1. Como o pr\u00f3prio nome diz, ela antecede o principal per\u00edodo de chuvas no Estado, que vai de fevereiro a maio. Considerando seu hist\u00f3rico, ele tem suas caracter\u00edsticas clim\u00e1ticas espec\u00edficas.<\/p>\n","protected":false},"author":4,"featured_media":8477,"comment_status":"closed","ping_status":"open","sticky":false,"template":"","format":"standard","meta":[],"categories":[81,15],"tags":[50,47,137],"acf":[],"_links":{"self":[{"href":"http:\/\/www.funceme.br\/index.php?rest_route=\/wp\/v2\/posts\/8476"}],"collection":[{"href":"http:\/\/www.funceme.br\/index.php?rest_route=\/wp\/v2\/posts"}],"about":[{"href":"http:\/\/www.funceme.br\/index.php?rest_route=\/wp\/v2\/types\/post"}],"author":[{"embeddable":true,"href":"http:\/\/www.funceme.br\/index.php?rest_route=\/wp\/v2\/users\/4"}],"replies":[{"embeddable":true,"href":"http:\/\/www.funceme.br\/index.php?rest_route=%2Fwp%2Fv2%2Fcomments&post=8476"}],"version-history":[{"count":2,"href":"http:\/\/www.funceme.br\/index.php?rest_route=\/wp\/v2\/posts\/8476\/revisions"}],"predecessor-version":[{"id":8481,"href":"http:\/\/www.funceme.br\/index.php?rest_route=\/wp\/v2\/posts\/8476\/revisions\/8481"}],"wp:featuredmedia":[{"embeddable":true,"href":"http:\/\/www.funceme.br\/index.php?rest_route=\/wp\/v2\/media\/8477"}],"wp:attachment":[{"href":"http:\/\/www.funceme.br\/index.php?rest_route=%2Fwp%2Fv2%2Fmedia&parent=8476"}],"wp:term":[{"taxonomy":"category","embeddable":true,"href":"http:\/\/www.funceme.br\/index.php?rest_route=%2Fwp%2Fv2%2Fcategories&post=8476"},{"taxonomy":"post_tag","embeddable":true,"href":"http:\/\/www.funceme.br\/index.php?rest_route=%2Fwp%2Fv2%2Ftags&post=8476"}],"curies":[{"name":"wp","href":"https:\/\/api.w.org\/{rel}","templated":true}]}}