{"id":8613,"date":"2021-01-11T19:15:37","date_gmt":"2021-01-11T22:15:37","guid":{"rendered":"http:\/\/www.funceme.br\/?p=8613"},"modified":"2021-01-11T19:51:03","modified_gmt":"2021-01-11T22:51:03","slug":"acoes-para-a-quadra-chuvosa-de-2021-sao-discutidas-entre-funceme-e-orgaos-da-prefeitura-de-fortaleza","status":"publish","type":"post","link":"http:\/\/www.funceme.br\/?p=8613","title":{"rendered":"A\u00e7\u00f5es para a quadra chuvosa de 2021 s\u00e3o discutidas entre Funceme e \u00f3rg\u00e3os da Prefeitura de Fortaleza"},"content":{"rendered":"<div id=\"attachment_8614\" style=\"width: 730px\" class=\"wp-caption aligncenter\"><a href=\"http:\/\/www.funceme.br\/wp-content\/uploads\/2021\/01\/11-01-2021-Coletiva-sobre-a-quadra-chuvosa-Cr\u00e9dito-Thiago-Gaspar-IMG_5793-scaled.jpg\"><img aria-describedby=\"caption-attachment-8614\" decoding=\"async\" loading=\"lazy\" class=\"wp-image-8614\" src=\"http:\/\/www.funceme.br\/wp-content\/uploads\/2021\/01\/11-01-2021-Coletiva-sobre-a-quadra-chuvosa-Cr\u00e9dito-Thiago-Gaspar-IMG_5793-scaled.jpg\" alt=\"O prefeito Jos\u00e9 Sarto (PDT) anunciou, em coletiva de imprensa, as medidas previstas para melhorar a capacidade de resposta do Munic\u00edpio (FOTO: Thiago Gaspar)\" width=\"720\" height=\"444\" srcset=\"http:\/\/www.funceme.br\/wp-content\/uploads\/2021\/01\/11-01-2021-Coletiva-sobre-a-quadra-chuvosa-Cr\u00e9dito-Thiago-Gaspar-IMG_5793-scaled.jpg 2560w, http:\/\/www.funceme.br\/wp-content\/uploads\/2021\/01\/11-01-2021-Coletiva-sobre-a-quadra-chuvosa-Cr\u00e9dito-Thiago-Gaspar-IMG_5793-600x370.jpg 600w, http:\/\/www.funceme.br\/wp-content\/uploads\/2021\/01\/11-01-2021-Coletiva-sobre-a-quadra-chuvosa-Cr\u00e9dito-Thiago-Gaspar-IMG_5793-1200x739.jpg 1200w, http:\/\/www.funceme.br\/wp-content\/uploads\/2021\/01\/11-01-2021-Coletiva-sobre-a-quadra-chuvosa-Cr\u00e9dito-Thiago-Gaspar-IMG_5793-768x473.jpg 768w, http:\/\/www.funceme.br\/wp-content\/uploads\/2021\/01\/11-01-2021-Coletiva-sobre-a-quadra-chuvosa-Cr\u00e9dito-Thiago-Gaspar-IMG_5793-1536x946.jpg 1536w, http:\/\/www.funceme.br\/wp-content\/uploads\/2021\/01\/11-01-2021-Coletiva-sobre-a-quadra-chuvosa-Cr\u00e9dito-Thiago-Gaspar-IMG_5793-2048x1262.jpg 2048w\" sizes=\"(max-width: 720px) 100vw, 720px\" \/><\/a><p id=\"caption-attachment-8614\" class=\"wp-caption-text\"><span style=\"color: #6b6b6b;\"><em>O prefeito Jos\u00e9 Sarto (PDT) anunciou, em coletiva de imprensa, as medidas previstas para melhorar a capacidade de resposta do Munic\u00edpio (FOTO: Thiago Gaspar)<\/em><\/span><\/p><\/div>\n<p style=\"text-align: justify;\">A Prefeitura de Fortaleza divulgou, na manh\u00e3 desta segunda-feira (11), o plano de trabalho preventivo direcionado \u00e0 quadra chuvosa deste ano. Ap\u00f3s reuni\u00e3o entre membros do Comit\u00ea da Quadra Chuvosa, composto por \u00f3rg\u00e3os municipais e estaduais relacionados ao tema, como a Funda\u00e7\u00e3o Cearense de Meteorologia e Recursos H\u00eddricos (Funceme), o prefeito Jos\u00e9 Sarto (PDT) anunciou, em coletiva de imprensa, as medidas previstas para melhorar a capacidade de resposta do Munic\u00edpio, incluindo a\u00e7\u00f5es assistenciais voltadas \u00e0 sa\u00fade, \u00e0 drenagem e \u00e0 limpeza urbana.<\/p>\n<p style=\"text-align: justify;\">O plano de conting\u00eancia inclui, al\u00e9m da limpeza e da desobstru\u00e7\u00e3o de recursos h\u00eddricos, o diagn\u00f3stico de poss\u00edveis \u00e1reas inund\u00e1veis, a avalia\u00e7\u00e3o predial e a notifica\u00e7\u00e3o de edifica\u00e7\u00f5es; a estrutura\u00e7\u00e3o de equipamentos de sa\u00fade, a aquisi\u00e7\u00e3o de equipamentos utilizados pela Defesa Civil, a exemplo de redes, lonas e cestas b\u00e1sicas; e, ainda, o desenvolvimento de pol\u00edtica de abrigamento tempor\u00e1rio diante de eventuais necessidades.<\/p>\n<p style=\"text-align: justify;\">Na ocasi\u00e3o, Sarto enfatizou a import\u00e2ncia da intersetorialidade para a efic\u00e1cia do trabalho. \u201cEm fun\u00e7\u00e3o da aproxima\u00e7\u00e3o da quadra chuvosa, diversas a\u00e7\u00f5es est\u00e3o interligadas para reduzir os impactos agravados pela pr\u00f3pria geografia da Cidade. (&#8230;) Estamos atuando preventivamente em todas as \u00e1reas, atentos \u00e0s poss\u00edveis e hist\u00f3ricas demandas\u201d, introduziu.<\/p>\n<p style=\"text-align: justify;\">Como integrantes do Comit\u00ea da Quadra Chuvosa, participam o presidente da Funceme, Eduardo S\u00e1vio; osecret\u00e1rio da Gest\u00e3o Regional (Seger), Jo\u00e3o Pupo; o coordenador da Defesa Civil, R\u00e9gis Tavares; o secret\u00e1rio da Seguran\u00e7a Cidad\u00e3 (Sesec), Coronel Holanda; o secret\u00e1rio da Conserva\u00e7\u00e3o e dos Servi\u00e7os P\u00fablicos (SCSP), Ferruccio Feitosa; o secret\u00e1rio dos Direitos Humanos e Desenvolvimento Social (SDHDS), Cl\u00e1udio Pinho; a superintendente da Autarquia Municipal de Tr\u00e2nsito e Cidadania (AMC), Juliana Coelho; o secret\u00e1rio Municipal da Infraestrutura (Seinf), Samuel Dias; a secret\u00e1ria da Sa\u00fade, Ana Estela Leite; al\u00e9m do presidente da Companhia de \u00c1gua e Esgoto do Estado do Cear\u00e1 (Cagece), Neuri Freitas.<\/p>\n","protected":false},"excerpt":{"rendered":"<p>A Prefeitura de Fortaleza divulgou, na manh\u00e3 desta segunda-feira (11), o plano de trabalho preventivo direcionado \u00e0 quadra chuvosa deste ano. Ap\u00f3s reuni\u00e3o entre membros do Comit\u00ea da Quadra Chuvosa, composto por \u00f3rg\u00e3os municipais e estaduais relacionados ao tema, como a Funda\u00e7\u00e3o Cearense de Meteorologia e Recursos H\u00eddricos (Funceme), o prefeito Jos\u00e9 Sarto (PDT) anunciou, [&hellip;]<\/p>\n","protected":false},"author":4,"featured_media":8614,"comment_status":"closed","ping_status":"open","sticky":false,"template":"","format":"standard","meta":[],"categories":[75,15],"tags":[446,142],"acf":[],"_links":{"self":[{"href":"http:\/\/www.funceme.br\/index.php?rest_route=\/wp\/v2\/posts\/8613"}],"collection":[{"href":"http:\/\/www.funceme.br\/index.php?rest_route=\/wp\/v2\/posts"}],"about":[{"href":"http:\/\/www.funceme.br\/index.php?rest_route=\/wp\/v2\/types\/post"}],"author":[{"embeddable":true,"href":"http:\/\/www.funceme.br\/index.php?rest_route=\/wp\/v2\/users\/4"}],"replies":[{"embeddable":true,"href":"http:\/\/www.funceme.br\/index.php?rest_route=%2Fwp%2Fv2%2Fcomments&post=8613"}],"version-history":[{"count":3,"href":"http:\/\/www.funceme.br\/index.php?rest_route=\/wp\/v2\/posts\/8613\/revisions"}],"predecessor-version":[{"id":8617,"href":"http:\/\/www.funceme.br\/index.php?rest_route=\/wp\/v2\/posts\/8613\/revisions\/8617"}],"wp:featuredmedia":[{"embeddable":true,"href":"http:\/\/www.funceme.br\/index.php?rest_route=\/wp\/v2\/media\/8614"}],"wp:attachment":[{"href":"http:\/\/www.funceme.br\/index.php?rest_route=%2Fwp%2Fv2%2Fmedia&parent=8613"}],"wp:term":[{"taxonomy":"category","embeddable":true,"href":"http:\/\/www.funceme.br\/index.php?rest_route=%2Fwp%2Fv2%2Fcategories&post=8613"},{"taxonomy":"post_tag","embeddable":true,"href":"http:\/\/www.funceme.br\/index.php?rest_route=%2Fwp%2Fv2%2Ftags&post=8613"}],"curies":[{"name":"wp","href":"https:\/\/api.w.org\/{rel}","templated":true}]}}