{"id":8711,"date":"2021-01-27T12:19:16","date_gmt":"2021-01-27T15:19:16","guid":{"rendered":"http:\/\/www.funceme.br\/?p=8711"},"modified":"2021-01-27T12:21:25","modified_gmt":"2021-01-27T15:21:25","slug":"ceara-segue-com-cenario-favoravel-a-chuvas-isoladas-cariri-e-noroeste-deverao-concentrar-registros","status":"publish","type":"post","link":"http:\/\/www.funceme.br\/?p=8711","title":{"rendered":"Cear\u00e1 segue com cen\u00e1rio favor\u00e1vel a chuvas isoladas; Cariri e noroeste dever\u00e3o concentrar registros"},"content":{"rendered":"<div id=\"attachment_8712\" style=\"width: 730px\" class=\"wp-caption aligncenter\"><a href=\"http:\/\/www.funceme.br\/wp-content\/uploads\/2021\/01\/WhatsApp-Image-2021-01-25-at-06.37.24-1.jpeg\"><img aria-describedby=\"caption-attachment-8712\" decoding=\"async\" loading=\"lazy\" class=\"wp-image-8712\" src=\"http:\/\/www.funceme.br\/wp-content\/uploads\/2021\/01\/WhatsApp-Image-2021-01-25-at-06.37.24-1.jpeg\" alt=\"Cariri deve continuar recebendo precipita\u00e7\u00f5es (FOTO: Marciel Bezerra)\" width=\"720\" height=\"404\" srcset=\"http:\/\/www.funceme.br\/wp-content\/uploads\/2021\/01\/WhatsApp-Image-2021-01-25-at-06.37.24-1.jpeg 1280w, http:\/\/www.funceme.br\/wp-content\/uploads\/2021\/01\/WhatsApp-Image-2021-01-25-at-06.37.24-1-600x337.jpeg 600w, http:\/\/www.funceme.br\/wp-content\/uploads\/2021\/01\/WhatsApp-Image-2021-01-25-at-06.37.24-1-1200x673.jpeg 1200w, http:\/\/www.funceme.br\/wp-content\/uploads\/2021\/01\/WhatsApp-Image-2021-01-25-at-06.37.24-1-768x431.jpeg 768w\" sizes=\"(max-width: 720px) 100vw, 720px\" \/><\/a><p id=\"caption-attachment-8712\" class=\"wp-caption-text\"><span style=\"color: #6b6b6b;\"><em>Cariri deve continuar recebendo precipita\u00e7\u00f5es (FOTO: Marciel Bezerra)<\/em><\/span><\/p><\/div>\n<p><span style=\"font-weight: 300;\">An\u00e1lises do cen\u00e1rio atual e simula\u00e7\u00f5es por meio de modelos num\u00e9ricos indicam que o Cear\u00e1 dever\u00e1 permanecer com condi\u00e7\u00f5es de chuva at\u00e9 sexta-feira (29), variando apenas quando a \u00e1rea de abrang\u00eancia de cada macrorregi\u00e3o.<\/span><\/p>\n<p><span style=\"font-weight: 300;\">Para a tarde desta quarta-feira (27), a tend\u00eancia \u00e9 de c\u00e9u mais claro, mas com precipita\u00e7\u00f5es isoladas e concentradas no Cariri e na Ibiapaba. Nas demais regi\u00f5es, as chances s\u00e3o bem reduzidas.<\/span><\/p>\n<p><span style=\"font-weight: 300;\">J\u00e1 para os dias 28 e 29, s\u00e3o esperadas chuvas pela faixa litor\u00e2nea entre a madrugada e manh\u00e3, cen\u00e1rio semelhante ao observado nos \u00faltimos dias. Nas demais regi\u00f5es do Estado, esperam-se registros do decorrer do dia, com os principais acumulados na Ibiapaba, no Litoral Norte e em \u00e1reas do sul do estado, como o Cariri.<\/span><\/p>\n<p><b>Dados<\/b><\/p>\n<p><span style=\"font-weight: 300;\">No balan\u00e7o parcial referente ao intervalo entre as 7h desta ter\u00e7a e as 7h desta quarta-feira, h\u00e1 registros de chuva em, pelo menos, 49 munic\u00edpios. Os maiores acumulados foram em:<\/span><\/p>\n<p><span style=\"font-weight: 300;\">&#8211;<strong>Meruoca<\/strong> (Posto: Camilos) : 31 mm<\/span><\/p>\n<p><span style=\"font-weight: 300;\">&#8211;<strong>Quixel\u00f4<\/strong> (Posto: Vila Antonico) : 29,2 mm<\/span><\/p>\n<p><span style=\"font-weight: 300;\"><strong>-Ararend\u00e1<\/strong> (Posto: Santo Antonio) : 27 mm<\/span><\/p>\n<p><span style=\"font-weight: 300;\">&#8211;<strong>Ipueiras<\/strong> (Posto: America): 26 mm<\/span><\/p>\n<p><span style=\"font-weight: 300;\">&#8211;<strong>Nova Russas<\/strong> (Posto: Canindezinho): 19 mm<\/span><\/p>\n<p><span style=\"font-weight: 300;\">Os dados s\u00e3o preliminares e podem ser acompanhados em <a href=\"http:\/\/funceme.br\/calendario\">funceme.br\/calendario<\/a>.<\/span><\/p>\n","protected":false},"excerpt":{"rendered":"<p>An\u00e1lises do cen\u00e1rio atual e simula\u00e7\u00f5es por meio de modelos num\u00e9ricos indicam que o Cear\u00e1 dever\u00e1 permanecer com condi\u00e7\u00f5es de chuva at\u00e9 sexta-feira (29), variando apenas quando a \u00e1rea de abrang\u00eancia de cada macrorregi\u00e3o. Para a tarde desta quarta-feira (27), a tend\u00eancia \u00e9 de c\u00e9u mais claro, mas com precipita\u00e7\u00f5es isoladas e concentradas no Cariri [&hellip;]<\/p>\n","protected":false},"author":4,"featured_media":8712,"comment_status":"closed","ping_status":"open","sticky":false,"template":"","format":"standard","meta":[],"categories":[81,15],"tags":[57,64,137],"acf":[],"_links":{"self":[{"href":"http:\/\/www.funceme.br\/index.php?rest_route=\/wp\/v2\/posts\/8711"}],"collection":[{"href":"http:\/\/www.funceme.br\/index.php?rest_route=\/wp\/v2\/posts"}],"about":[{"href":"http:\/\/www.funceme.br\/index.php?rest_route=\/wp\/v2\/types\/post"}],"author":[{"embeddable":true,"href":"http:\/\/www.funceme.br\/index.php?rest_route=\/wp\/v2\/users\/4"}],"replies":[{"embeddable":true,"href":"http:\/\/www.funceme.br\/index.php?rest_route=%2Fwp%2Fv2%2Fcomments&post=8711"}],"version-history":[{"count":1,"href":"http:\/\/www.funceme.br\/index.php?rest_route=\/wp\/v2\/posts\/8711\/revisions"}],"predecessor-version":[{"id":8713,"href":"http:\/\/www.funceme.br\/index.php?rest_route=\/wp\/v2\/posts\/8711\/revisions\/8713"}],"wp:featuredmedia":[{"embeddable":true,"href":"http:\/\/www.funceme.br\/index.php?rest_route=\/wp\/v2\/media\/8712"}],"wp:attachment":[{"href":"http:\/\/www.funceme.br\/index.php?rest_route=%2Fwp%2Fv2%2Fmedia&parent=8711"}],"wp:term":[{"taxonomy":"category","embeddable":true,"href":"http:\/\/www.funceme.br\/index.php?rest_route=%2Fwp%2Fv2%2Fcategories&post=8711"},{"taxonomy":"post_tag","embeddable":true,"href":"http:\/\/www.funceme.br\/index.php?rest_route=%2Fwp%2Fv2%2Ftags&post=8711"}],"curies":[{"name":"wp","href":"https:\/\/api.w.org\/{rel}","templated":true}]}}