{"id":8724,"date":"2021-01-29T12:05:05","date_gmt":"2021-01-29T15:05:05","guid":{"rendered":"http:\/\/www.funceme.br\/?p=8724"},"modified":"2021-01-29T12:05:05","modified_gmt":"2021-01-29T15:05:05","slug":"chove-em-cerca-de-80-municipios-entre-quinta-e-sexta-feira","status":"publish","type":"post","link":"http:\/\/www.funceme.br\/?p=8724","title":{"rendered":"Chove em cerca de 80 munic\u00edpios entre quinta e sexta-feira"},"content":{"rendered":"<div id=\"attachment_8725\" style=\"width: 687px\" class=\"wp-caption aligncenter\"><a href=\"http:\/\/www.funceme.br\/wp-content\/uploads\/2021\/01\/144123723_414168059852387_4435447902116743174_n-e1611932638441.jpg\"><img aria-describedby=\"caption-attachment-8725\" decoding=\"async\" loading=\"lazy\" class=\"wp-image-8725 size-full\" src=\"http:\/\/www.funceme.br\/wp-content\/uploads\/2021\/01\/144123723_414168059852387_4435447902116743174_n-e1611932638441.jpg\" alt=\"Maiores chuvas se concentraram nas macrorregi\u00f5es do Cariri e Ibiapaba (FOTO: Cedro em Fotos)\" width=\"677\" height=\"616\" srcset=\"http:\/\/www.funceme.br\/wp-content\/uploads\/2021\/01\/144123723_414168059852387_4435447902116743174_n-e1611932638441.jpg 677w, http:\/\/www.funceme.br\/wp-content\/uploads\/2021\/01\/144123723_414168059852387_4435447902116743174_n-e1611932638441-600x546.jpg 600w\" sizes=\"(max-width: 677px) 100vw, 677px\" \/><\/a><p id=\"caption-attachment-8725\" class=\"wp-caption-text\"><span style=\"color: #6b6b6b;\"><em>Maiores chuvas se concentraram nas macrorregi\u00f5es do Cariri e Ibiapaba (FOTO: Cedro em Fotos)<\/em><\/span><\/p><\/div>\n<p><span style=\"font-weight: 300;\">O Cear\u00e1 registrou chuvas em, pelo menos, 81 munic\u00edpios no intervalo entre as 7h desta quinta (29) e as 7h desta sexta-feira (30), conforme balan\u00e7o parcial da Funda\u00e7\u00e3o Cearense de Meteorologia e Recursos H\u00eddricos (Funceme).<\/span><\/p>\n<p><span style=\"font-weight: 300;\">Os maiores acumulados do per\u00edodo recente de 24 horas foram Cari\u00fas (Posto Angico) com 65 mil\u00edmetros e Cedro (Posto V\u00e1rzea da Concei\u00e7\u00e3o), que apresentou 60 mm. Os demais principais foram em:<\/span><\/p>\n<p><span style=\"font-weight: 300;\">-Miss\u00e3o Velha (Posto:Jamacaru) : 57 mm<\/span><\/p>\n<p><span style=\"font-weight: 300;\">-Barro (Posto Brejinho) : 55,2 mm<\/span><\/p>\n<p><span style=\"font-weight: 300;\">-Ipueiras (Posto Matriz) : 50 mm<\/span><\/p>\n<p><span style=\"font-weight: 300;\">-Assar\u00e9 (Posto Assar\u00e9) : 47,1 mm<\/span><\/p>\n<p><span style=\"font-weight: 300;\">-Tarrafas (Posto Tarrafas) : 40 mm<\/span><\/p>\n<p><span style=\"font-weight: 300;\">-Iguatu (Posto Riacho Vermelho) : 39 mm<\/span><\/p>\n<p><span style=\"font-weight: 300;\">-Mora\u00fajo (Posto Mora\u00fajo) : 37 mm<\/span><\/p>\n<p><span style=\"font-weight: 300;\">-Ic\u00f3 (Posto Icozinho) : 36,1 mm<\/span><\/p>\n<p><span style=\"font-weight: 300;\">Tais maiores chuvas se concentraram nas macrorregi\u00f5es do Cariri e Ibiapaba, onde a Funceme j\u00e1 havia indicado cen\u00e1rio mais favor\u00e1vel.\u00a0<\/span><\/p>\n<p><span style=\"font-weight: 300;\">Os dados s\u00e3o preliminares e podem ser acompanhados em <a href=\"http:\/\/funceme.br\/calendario\">funceme.br\/calendario<\/a>.<\/span><\/p>\n","protected":false},"excerpt":{"rendered":"<p>O Cear\u00e1 registrou chuvas em, pelo menos, 81 munic\u00edpios no intervalo entre as 7h desta quinta (29) e as 7h desta sexta-feira (30), conforme balan\u00e7o parcial da Funda\u00e7\u00e3o Cearense de Meteorologia e Recursos H\u00eddricos (Funceme).<\/p>\n","protected":false},"author":4,"featured_media":8725,"comment_status":"closed","ping_status":"open","sticky":false,"template":"","format":"standard","meta":[],"categories":[81,15],"tags":[64],"acf":[],"_links":{"self":[{"href":"http:\/\/www.funceme.br\/index.php?rest_route=\/wp\/v2\/posts\/8724"}],"collection":[{"href":"http:\/\/www.funceme.br\/index.php?rest_route=\/wp\/v2\/posts"}],"about":[{"href":"http:\/\/www.funceme.br\/index.php?rest_route=\/wp\/v2\/types\/post"}],"author":[{"embeddable":true,"href":"http:\/\/www.funceme.br\/index.php?rest_route=\/wp\/v2\/users\/4"}],"replies":[{"embeddable":true,"href":"http:\/\/www.funceme.br\/index.php?rest_route=%2Fwp%2Fv2%2Fcomments&post=8724"}],"version-history":[{"count":1,"href":"http:\/\/www.funceme.br\/index.php?rest_route=\/wp\/v2\/posts\/8724\/revisions"}],"predecessor-version":[{"id":8726,"href":"http:\/\/www.funceme.br\/index.php?rest_route=\/wp\/v2\/posts\/8724\/revisions\/8726"}],"wp:featuredmedia":[{"embeddable":true,"href":"http:\/\/www.funceme.br\/index.php?rest_route=\/wp\/v2\/media\/8725"}],"wp:attachment":[{"href":"http:\/\/www.funceme.br\/index.php?rest_route=%2Fwp%2Fv2%2Fmedia&parent=8724"}],"wp:term":[{"taxonomy":"category","embeddable":true,"href":"http:\/\/www.funceme.br\/index.php?rest_route=%2Fwp%2Fv2%2Fcategories&post=8724"},{"taxonomy":"post_tag","embeddable":true,"href":"http:\/\/www.funceme.br\/index.php?rest_route=%2Fwp%2Fv2%2Ftags&post=8724"}],"curies":[{"name":"wp","href":"https:\/\/api.w.org\/{rel}","templated":true}]}}