{"id":8732,"date":"2021-02-02T09:55:16","date_gmt":"2021-02-02T12:55:16","guid":{"rendered":"http:\/\/www.funceme.br\/?p=8732"},"modified":"2021-02-02T09:55:59","modified_gmt":"2021-02-02T12:55:59","slug":"pre-estacao-fica-cerca-de-60-abaixo-da-media","status":"publish","type":"post","link":"http:\/\/www.funceme.br\/?p=8732","title":{"rendered":"Pr\u00e9-Esta\u00e7\u00e3o fica cerca de 60% abaixo da m\u00e9dia"},"content":{"rendered":"<div id=\"attachment_8734\" style=\"width: 730px\" class=\"wp-caption aligncenter\"><a href=\"http:\/\/www.funceme.br\/wp-content\/uploads\/2021\/02\/WhatsApp-Image-2021-01-30-at-16.04.58.jpeg\"><img aria-describedby=\"caption-attachment-8734\" decoding=\"async\" loading=\"lazy\" class=\"wp-image-8734\" src=\"http:\/\/www.funceme.br\/wp-content\/uploads\/2021\/02\/WhatsApp-Image-2021-01-30-at-16.04.58.jpeg\" alt=\"Condi\u00e7\u00f5es de tempo n\u00e3o foram t\u00e3o favor\u00e1veis a precipita\u00e7\u00f5es cont\u00ednuas (FOTO: Danilo Vieira)\" width=\"720\" height=\"660\" srcset=\"http:\/\/www.funceme.br\/wp-content\/uploads\/2021\/02\/WhatsApp-Image-2021-01-30-at-16.04.58.jpeg 1280w, http:\/\/www.funceme.br\/wp-content\/uploads\/2021\/02\/WhatsApp-Image-2021-01-30-at-16.04.58-600x550.jpeg 600w, http:\/\/www.funceme.br\/wp-content\/uploads\/2021\/02\/WhatsApp-Image-2021-01-30-at-16.04.58-1200x1101.jpeg 1200w, http:\/\/www.funceme.br\/wp-content\/uploads\/2021\/02\/WhatsApp-Image-2021-01-30-at-16.04.58-768x704.jpeg 768w\" sizes=\"(max-width: 720px) 100vw, 720px\" \/><\/a><p id=\"caption-attachment-8734\" class=\"wp-caption-text\"><span style=\"color: #6b6b6b;\"><em>Condi\u00e7\u00f5es de tempo n\u00e3o foram t\u00e3o favor\u00e1veis a precipita\u00e7\u00f5es cont\u00ednuas (FOTO: Danilo Vieira)<\/em><\/span><\/p><\/div>\n<p><span style=\"font-weight: 300;\">A Pr\u00e9-Esta\u00e7\u00e3o de 2020\/21 terminou com chuvas abaixo da m\u00e9dia. O balan\u00e7o parcial da Funda\u00e7\u00e3o Cearense de Meteorologia e Recursos H\u00eddricos (Funceme) indica que o observado foi de 59,8 mil\u00edmetros contra os 130,3 mm, o que representa um desvio negativo de 54,2%.<\/span><\/p>\n<p><span style=\"font-weight: 300;\">Durante os meses de dezembro e janeiro, todas as macrorregi\u00f5es apresentaram precipita\u00e7\u00f5es abaixo da normal climatol\u00f3gica para o per\u00edodo. O Cariri, que \u00e9 a \u00e1rea com maior m\u00e9dia hist\u00f3rica, apresentou, de forma absoluta, as maiores chuvas, totalizando 136,1 mm.<\/span><\/p>\n<p><span style=\"font-weight: 300;\">\u201cSe considerarmos somente o m\u00eas de janeiro deste ano, as precipita\u00e7\u00f5es ficaram 48% abaixo da normal. Se a gente lembrar do mesmo per\u00edodo do ano passado, as chuvas ficaram acima da normal, 43%, ou seja, totalmente diferente. Em 2019, os dados foram 10% acima da m\u00e9dia, por exemplo\u201d, comenta a gerente de Meteorologia da Funceme, Meiry Sakamoto.<\/span><\/p>\n<div id=\"attachment_8733\" style=\"width: 685px\" class=\"wp-caption aligncenter\"><a href=\"http:\/\/www.funceme.br\/wp-content\/uploads\/2021\/02\/WhatsApp-Image-2021-02-01-at-16.38.04.jpeg\"><img aria-describedby=\"caption-attachment-8733\" decoding=\"async\" loading=\"lazy\" class=\"wp-image-8733 size-full\" src=\"http:\/\/www.funceme.br\/wp-content\/uploads\/2021\/02\/WhatsApp-Image-2021-02-01-at-16.38.04.jpeg\" alt=\"Mapa com distribui\u00e7\u00e3o dos acumulados de chuva (FOTO: Funceme)\" width=\"675\" height=\"719\" srcset=\"http:\/\/www.funceme.br\/wp-content\/uploads\/2021\/02\/WhatsApp-Image-2021-02-01-at-16.38.04.jpeg 675w, http:\/\/www.funceme.br\/wp-content\/uploads\/2021\/02\/WhatsApp-Image-2021-02-01-at-16.38.04-600x639.jpeg 600w\" sizes=\"(max-width: 675px) 100vw, 675px\" \/><\/a><p id=\"caption-attachment-8733\" class=\"wp-caption-text\">Mapa com distribui\u00e7\u00e3o dos acumulados de chuva (FOTO: Funceme)<\/p><\/div>\n<p><span style=\"font-weight: 300;\">Apesar do progn\u00f3stico para o trimestre de fevereiro a abril indicar 50% de probabilidade de chuvas abaixo da m\u00e9dia, os registros da Pr\u00e9-Esta\u00e7\u00e3o n\u00e3o t\u00eam rela\u00e7\u00e3o com o per\u00edodo principal de precipita\u00e7\u00f5es do Estado. Em 2016, por exemplo, choveu em janeiro quase o dobro do esperado, 92% acima da m\u00e9dia.<\/span><\/p>\n<p><span style=\"font-weight: 300;\">\u201cAs chuvas da Pr\u00e9 s\u00e3o ocasionadas, principalmente, por influ\u00eancia de frentes frias e V\u00f3rtices Cicl\u00f4nicos de Altos N\u00edveis (VCAN). J\u00e1 na quadra, a Zona de Converg\u00eancia Intertropical (ZCIT), \u00e9 o principal sistema indutor\u201d, explica Sakamoto.<\/span><\/p>\n","protected":false},"excerpt":{"rendered":"<p>A Pr\u00e9-Esta\u00e7\u00e3o de 2020\/21 terminou com chuvas abaixo da m\u00e9dia. O balan\u00e7o parcial da Funda\u00e7\u00e3o Cearense de Meteorologia e Recursos H\u00eddricos (Funceme) indica que o observado foi de 59,8 mil\u00edmetros contra os 130,3 mm, o que representa um desvio negativo de 54,2%. Durante os meses de dezembro e janeiro, todas as macrorregi\u00f5es apresentaram precipita\u00e7\u00f5es abaixo [&hellip;]<\/p>\n","protected":false},"author":4,"featured_media":8734,"comment_status":"closed","ping_status":"open","sticky":false,"template":"","format":"standard","meta":[],"categories":[81,15],"tags":[357,136,137],"acf":[],"_links":{"self":[{"href":"http:\/\/www.funceme.br\/index.php?rest_route=\/wp\/v2\/posts\/8732"}],"collection":[{"href":"http:\/\/www.funceme.br\/index.php?rest_route=\/wp\/v2\/posts"}],"about":[{"href":"http:\/\/www.funceme.br\/index.php?rest_route=\/wp\/v2\/types\/post"}],"author":[{"embeddable":true,"href":"http:\/\/www.funceme.br\/index.php?rest_route=\/wp\/v2\/users\/4"}],"replies":[{"embeddable":true,"href":"http:\/\/www.funceme.br\/index.php?rest_route=%2Fwp%2Fv2%2Fcomments&post=8732"}],"version-history":[{"count":2,"href":"http:\/\/www.funceme.br\/index.php?rest_route=\/wp\/v2\/posts\/8732\/revisions"}],"predecessor-version":[{"id":8736,"href":"http:\/\/www.funceme.br\/index.php?rest_route=\/wp\/v2\/posts\/8732\/revisions\/8736"}],"wp:featuredmedia":[{"embeddable":true,"href":"http:\/\/www.funceme.br\/index.php?rest_route=\/wp\/v2\/media\/8734"}],"wp:attachment":[{"href":"http:\/\/www.funceme.br\/index.php?rest_route=%2Fwp%2Fv2%2Fmedia&parent=8732"}],"wp:term":[{"taxonomy":"category","embeddable":true,"href":"http:\/\/www.funceme.br\/index.php?rest_route=%2Fwp%2Fv2%2Fcategories&post=8732"},{"taxonomy":"post_tag","embeddable":true,"href":"http:\/\/www.funceme.br\/index.php?rest_route=%2Fwp%2Fv2%2Ftags&post=8732"}],"curies":[{"name":"wp","href":"https:\/\/api.w.org\/{rel}","templated":true}]}}